{"id":808,"date":"2015-02-05T15:52:34","date_gmt":"2015-02-05T15:52:34","guid":{"rendered":"http:\/\/siby.se\/tweet\/?p=808"},"modified":"2015-02-05T15:52:34","modified_gmt":"2015-02-05T15:52:34","slug":"fredag-imorgon-innebar-snart-helg","status":"publish","type":"post","link":"https:\/\/siby.se\/tweet\/blog\/2015\/02\/05\/fredag-imorgon-innebar-snart-helg\/","title":{"rendered":"Fredag imorgon, inneb\u00e4r snart helg"},"content":{"rendered":"<p>Imorgon \u00e4r det fredag, det inneb\u00e4r att det snart \u00e4r helg. Jobbar visserligen p\u00e5 l\u00f6rdag men jag \u00e4r ledig p\u00e5 m\u00e5ndagen efter s\u00e5 det blir bara lite f\u00f6rskjutet.<br \/>\nHelgen g\u00e5r i renoveringens tecken, vi ska b\u00f6rja riva i v\u00e4ggarna i vardagsrummet p\u00e5 g\u00e5rden f\u00f6r att troligtvis starta den sista delen i renoveringen av boningshuset.<\/p>\n<p>Ska bli sp\u00e4nnande och se reultatet, m\u00e5ste komma ih\u00e5g att fota innan s\u00e5 att det inte gl\u00f6ms bort hur mycket som kommer att fixas till.<br \/>\nM\u00e5ndagen kommer bara vara jag och Brummel, f\u00f6rsta punkten d\u00e5 \u00e4r ett stopp hos veterin\u00e4ren f\u00f6r att f\u00e5 Brummel t\u00e4nder fixade. Ta bort tandsten och checka av h\u00e4lotillst\u00e5nden p\u00e5 den lille busen. D\u00e4refter drar vi hem f\u00f6r att spendera resten av dagen i soffan med chailatte och kurslitteratur. Sova en tupplur, lyssna p\u00e5 lagom peppig musik och mysa. Jag ser redan fram emot m\u00e5ndag, en ledig m\u00e5ndag men lagom inbokat.T\u00e4nkt om det \u00e4r fint v\u00e4der, d\u00e5 kanske jag kan fota lite med kameran. Det vore lyx om det ocks\u00e5 kunde f\u00e5 falla in. Dessutom f\u00e5r jag n\u00e5gra timmar p\u00e5 stan d\u00e5 Brummel inte kommer vara klar f\u00f6rens tidigast lunch.<\/p>\n<p><a href=\"http:\/\/siby.se\/tweet\/wp-content\/uploads\/2013\/05\/IMG_8381.jpg\"><img loading=\"lazy\" class=\"size-full wp-image-35 aligncenter\" src=\"http:\/\/siby.se\/tweet\/wp-content\/uploads\/2013\/05\/IMG_8381.jpg\" alt=\"IMG_8381.jpg\" width=\"4272\" height=\"2848\" srcset=\"https:\/\/siby.se\/tweet\/wp-content\/uploads\/2013\/05\/IMG_8381.jpg 4272w, https:\/\/siby.se\/tweet\/wp-content\/uploads\/2013\/05\/IMG_8381-300x200.jpg 300w, https:\/\/siby.se\/tweet\/wp-content\/uploads\/2013\/05\/IMG_8381-450x300.jpg 450w\" sizes=\"(max-width: 4272px) 100vw, 4272px\" \/><\/a><\/p>\n","protected":false},"excerpt":{"rendered":"<p>Imorgon \u00e4r det fredag, det inneb\u00e4r att det snart \u00e4r helg. Jobbar visserligen p\u00e5 l\u00f6rdag men jag \u00e4r ledig p\u00e5 m\u00e5ndagen efter s\u00e5 det blir bara lite f\u00f6rskjutet. Helgen g\u00e5r i renoveringens tecken, vi ska b\u00f6rja riva i v\u00e4ggarna i &hellip; <a href=\"https:\/\/siby.se\/tweet\/blog\/2015\/02\/05\/fredag-imorgon-innebar-snart-helg\/\">Forts\u00e4tt l\u00e4sa <span class=\"meta-nav\">&rarr;<\/span><\/a><\/p>\n","protected":false},"author":1,"featured_media":0,"comment_status":"open","ping_status":"open","sticky":false,"template":"","format":"standard","meta":[],"categories":[4],"tags":[],"_links":{"self":[{"href":"https:\/\/siby.se\/tweet\/wp-json\/wp\/v2\/posts\/808"}],"collection":[{"href":"https:\/\/siby.se\/tweet\/wp-json\/wp\/v2\/posts"}],"about":[{"href":"https:\/\/siby.se\/tweet\/wp-json\/wp\/v2\/types\/post"}],"author":[{"embeddable":true,"href":"https:\/\/siby.se\/tweet\/wp-json\/wp\/v2\/users\/1"}],"replies":[{"embeddable":true,"href":"https:\/\/siby.se\/tweet\/wp-json\/wp\/v2\/comments?post=808"}],"version-history":[{"count":1,"href":"https:\/\/siby.se\/tweet\/wp-json\/wp\/v2\/posts\/808\/revisions"}],"predecessor-version":[{"id":809,"href":"https:\/\/siby.se\/tweet\/wp-json\/wp\/v2\/posts\/808\/revisions\/809"}],"wp:attachment":[{"href":"https:\/\/siby.se\/tweet\/wp-json\/wp\/v2\/media?parent=808"}],"wp:term":[{"taxonomy":"category","embeddable":true,"href":"https:\/\/siby.se\/tweet\/wp-json\/wp\/v2\/categories?post=808"},{"taxonomy":"post_tag","embeddable":true,"href":"https:\/\/siby.se\/tweet\/wp-json\/wp\/v2\/tags?post=808"}],"curies":[{"name":"wp","href":"https:\/\/api.w.org\/{rel}","templated":true}]}}