{"id":810,"date":"2015-02-08T08:28:48","date_gmt":"2015-02-08T08:28:48","guid":{"rendered":"http:\/\/siby.se\/tweet\/?p=810"},"modified":"2015-02-08T08:28:48","modified_gmt":"2015-02-08T08:28:48","slug":"gustav","status":"publish","type":"post","link":"https:\/\/siby.se\/tweet\/blog\/2015\/02\/08\/gustav\/","title":{"rendered":"Gustav"},"content":{"rendered":"<p><a href=\"http:\/\/siby.se\/tweet\/wp-content\/uploads\/2015\/02\/20130921_121531.jpg\"><img loading=\"lazy\" class=\"alignnone size-full wp-image-812\" src=\"http:\/\/siby.se\/tweet\/wp-content\/uploads\/2015\/02\/20130921_121531.jpg\" alt=\"20130921_121531\" width=\"1080\" height=\"1920\" srcset=\"https:\/\/siby.se\/tweet\/wp-content\/uploads\/2015\/02\/20130921_121531.jpg 1080w, https:\/\/siby.se\/tweet\/wp-content\/uploads\/2015\/02\/20130921_121531-168x300.jpg 168w\" sizes=\"(max-width: 1080px) 100vw, 1080px\" \/><\/a><\/p>\n<p>&nbsp;<\/p>\n<p>Det h\u00e4r \u00e4r Gustav,mannen som mitt hj\u00e4rta\u00a0sl\u00e5r f\u00f6r. N\u00e4r han klev in i mitt liv genom att svara p\u00e5 ett helt st\u00f6rt facebookmeddelande samt sms s\u00e5 skakade han om hela min v\u00e4rld. Gustav \u00f6ppnade \u00f6gonen hos mig p\u00e5 plan som jag aldrig tidigare v\u00e5gat bes\u00f6ka. Han r\u00e4ddade mig och h\u00f6ll mig h\u00e5rt intill sig f\u00f6r att jag inte skulle f\u00f6rsvinna. Varje v\u00e5r s\u00e5 t\u00e4nket jag tillbaka p\u00e5 den d\u00e4r veckan du f\u00e4rgade mitt h\u00e5r, spelade halo till tre p\u00e5 natten och tr\u00f6stade mig n\u00e4r jag rasade ihop. Jag vet inte hur du orkar leva med mig med mitt egensinniga s\u00e4tt att vara, envis och tjurig.<\/p>\n<p><a href=\"http:\/\/siby.se\/tweet\/wp-content\/uploads\/2015\/02\/20140830_201349.jpg\"><img loading=\"lazy\" class=\"alignnone size-full wp-image-814\" src=\"http:\/\/siby.se\/tweet\/wp-content\/uploads\/2015\/02\/20140830_201349.jpg\" alt=\"20140830_201349\" width=\"3302\" height=\"1858\" srcset=\"https:\/\/siby.se\/tweet\/wp-content\/uploads\/2015\/02\/20140830_201349.jpg 3302w, https:\/\/siby.se\/tweet\/wp-content\/uploads\/2015\/02\/20140830_201349-300x168.jpg 300w, https:\/\/siby.se\/tweet\/wp-content\/uploads\/2015\/02\/20140830_201349-500x281.jpg 500w\" sizes=\"(max-width: 3302px) 100vw, 3302px\" \/><\/a><\/p>\n<p>Du skrattar med mig, gr\u00e5ter med mig och du h\u00e5ller min hand n\u00e4r hela livet rasar, du har funnits d\u00e4r s\u00e5 m\u00e5nga g\u00e5nger och jag vill finnas d\u00e4r lika mycket f\u00f6r dig. Du st\u00e5r ut med mitt intresse f\u00f6r h\u00e4star. Du orkar umg\u00e5s med mina \u00e4lskade p\u00e4lsbollar (brummel, bastian)<br \/>\nDu har de absolut finaste \u00f6gonen jag vet, s\u00e5 d\u00e4r klarbl\u00e5 som himlen \u00e4r p\u00e5 v\u00e5ren n\u00e4r luften \u00e4r h\u00f6g och sm\u00e5 vita tussar av fluff flyger f\u00f6rbi. Jag brukar s\u00e4ga att du luktar gott och d\u00e5 fr\u00e5gar du hur d\u00e5, hur ska jag f\u00f6rklara en k\u00e4nsla som jag k\u00e4nner n\u00e4r jag har dig n\u00e4ra? Som v\u00e5t asfalt p\u00e5 sommaren eller syr\u00e9nbusken som torkar efter en skur. AV hela mitt hj\u00e4rta vill jag ber\u00e4tta f\u00f6r dig hur mycket jag \u00e4lskar dig och hur viktig du \u00e4r min \u00e4lskade underbara sparv!<\/p>\n<p><a href=\"http:\/\/siby.se\/tweet\/wp-content\/uploads\/2013\/07\/WP_000561.jpg\"><img loading=\"lazy\" class=\"alignnone size-full wp-image-117\" src=\"http:\/\/siby.se\/tweet\/wp-content\/uploads\/2013\/07\/WP_000561.jpg\" alt=\"WP_000561\" width=\"1632\" height=\"1224\" srcset=\"https:\/\/siby.se\/tweet\/wp-content\/uploads\/2013\/07\/WP_000561.jpg 1632w, https:\/\/siby.se\/tweet\/wp-content\/uploads\/2013\/07\/WP_000561-300x225.jpg 300w, https:\/\/siby.se\/tweet\/wp-content\/uploads\/2013\/07\/WP_000561-400x300.jpg 400w\" sizes=\"(max-width: 1632px) 100vw, 1632px\" \/><\/a><\/p>\n<p>&nbsp;<\/p>\n","protected":false},"excerpt":{"rendered":"<p>&nbsp; Det h\u00e4r \u00e4r Gustav,mannen som mitt hj\u00e4rta\u00a0sl\u00e5r f\u00f6r. N\u00e4r han klev in i mitt liv genom att svara p\u00e5 ett helt st\u00f6rt facebookmeddelande samt sms s\u00e5 skakade han om hela min v\u00e4rld. Gustav \u00f6ppnade \u00f6gonen hos mig p\u00e5 plan &hellip; <a href=\"https:\/\/siby.se\/tweet\/blog\/2015\/02\/08\/gustav\/\">Forts\u00e4tt l\u00e4sa <span class=\"meta-nav\">&rarr;<\/span><\/a><\/p>\n","protected":false},"author":1,"featured_media":0,"comment_status":"open","ping_status":"open","sticky":false,"template":"","format":"standard","meta":[],"categories":[3],"tags":[],"_links":{"self":[{"href":"https:\/\/siby.se\/tweet\/wp-json\/wp\/v2\/posts\/810"}],"collection":[{"href":"https:\/\/siby.se\/tweet\/wp-json\/wp\/v2\/posts"}],"about":[{"href":"https:\/\/siby.se\/tweet\/wp-json\/wp\/v2\/types\/post"}],"author":[{"embeddable":true,"href":"https:\/\/siby.se\/tweet\/wp-json\/wp\/v2\/users\/1"}],"replies":[{"embeddable":true,"href":"https:\/\/siby.se\/tweet\/wp-json\/wp\/v2\/comments?post=810"}],"version-history":[{"count":1,"href":"https:\/\/siby.se\/tweet\/wp-json\/wp\/v2\/posts\/810\/revisions"}],"predecessor-version":[{"id":815,"href":"https:\/\/siby.se\/tweet\/wp-json\/wp\/v2\/posts\/810\/revisions\/815"}],"wp:attachment":[{"href":"https:\/\/siby.se\/tweet\/wp-json\/wp\/v2\/media?parent=810"}],"wp:term":[{"taxonomy":"category","embeddable":true,"href":"https:\/\/siby.se\/tweet\/wp-json\/wp\/v2\/categories?post=810"},{"taxonomy":"post_tag","embeddable":true,"href":"https:\/\/siby.se\/tweet\/wp-json\/wp\/v2\/tags?post=810"}],"curies":[{"name":"wp","href":"https:\/\/api.w.org\/{rel}","templated":true}]}}