{"id":820,"date":"2015-02-25T18:50:20","date_gmt":"2015-02-25T18:50:20","guid":{"rendered":"http:\/\/siby.se\/tweet\/?p=820"},"modified":"2015-02-25T18:50:20","modified_gmt":"2015-02-25T18:50:20","slug":"hej-da-sma-grisar","status":"publish","type":"post","link":"https:\/\/siby.se\/tweet\/blog\/2015\/02\/25\/hej-da-sma-grisar\/","title":{"rendered":"Hej d\u00e5 sm\u00e5 grisar"},"content":{"rendered":"<p style=\"text-align: center;\">Allt gick s\u00e5 fort, sm\u00e5 luddtussar in i mitt liv, busiga och nyfikna. 6 \u00e5r senare stod jag d\u00e4r, inte redo att s\u00e4ga farv\u00e4l men tvungen. Jag hade best\u00e4mt mig&#8230; du var sjuk \u00e4lskade p\u00e4lsboll, sorgen sliter i \u00a0mig n\u00e4r jag tar fram dig ur filten f\u00f6r att l\u00e5ta honom titta p\u00e5 dig. Han ser p\u00e5 mig och nickar, mitt beslut \u00e4r den enda korrekta.. du var d\u00f6ende. Jag hade \u00f6nskat att ni b\u00e5da hade f\u00e5tt sommaren p\u00e5 er att f\u00e5 k\u00e4nna gr\u00e4set kittla under era sm\u00e5 tassar, h\u00f6ra er kockla i uteburen medan ni unders\u00f6kte alla sm\u00e5 h\u00f6rn. Det \u00e4r tyst i h\u00f6rnet i k\u00f6ket, inget illtjut n\u00e4r jag \u00f6ppnar kylsk\u00e5psd\u00f6rren. Jag s\u00f6rjer er b\u00e5de mina \u00e4lskade sm\u00e5 barn, mina \u00e4lskade Pixie &amp; Siri.\u00a0<img src=\"https:\/\/fbcdn-sphotos-a-a.akamaihd.net\/hphotos-ak-xaf1\/v\/t1.0-9\/25803_370248660129_6628646_n.jpg?oh=94c276f29e7ec693250f94c4333552f6&amp;oe=557F09A6&amp;__gda__=1431152791_83aae628ea51ab36a215b7c00e03a4c4\" alt=\"\" \/><\/p>\n<p style=\"text-align: center;\">I k\u00e4rlek har jag f\u00e5tt er, i k\u00e4rlek har jag burit er, i k\u00e4rlek l\u00e5ter jag er g\u00e5 vidare.<br \/>\nF\u00f6rl\u00e5t!<\/p>\n","protected":false},"excerpt":{"rendered":"<p>Allt gick s\u00e5 fort, sm\u00e5 luddtussar in i mitt liv, busiga och nyfikna. 6 \u00e5r senare stod jag d\u00e4r, inte redo att s\u00e4ga farv\u00e4l men tvungen. Jag hade best\u00e4mt mig&#8230; du var sjuk \u00e4lskade p\u00e4lsboll, sorgen sliter i \u00a0mig n\u00e4r &hellip; <a href=\"https:\/\/siby.se\/tweet\/blog\/2015\/02\/25\/hej-da-sma-grisar\/\">Forts\u00e4tt l\u00e4sa <span class=\"meta-nav\">&rarr;<\/span><\/a><\/p>\n","protected":false},"author":1,"featured_media":0,"comment_status":"open","ping_status":"open","sticky":false,"template":"","format":"standard","meta":[],"categories":[4],"tags":[],"_links":{"self":[{"href":"https:\/\/siby.se\/tweet\/wp-json\/wp\/v2\/posts\/820"}],"collection":[{"href":"https:\/\/siby.se\/tweet\/wp-json\/wp\/v2\/posts"}],"about":[{"href":"https:\/\/siby.se\/tweet\/wp-json\/wp\/v2\/types\/post"}],"author":[{"embeddable":true,"href":"https:\/\/siby.se\/tweet\/wp-json\/wp\/v2\/users\/1"}],"replies":[{"embeddable":true,"href":"https:\/\/siby.se\/tweet\/wp-json\/wp\/v2\/comments?post=820"}],"version-history":[{"count":1,"href":"https:\/\/siby.se\/tweet\/wp-json\/wp\/v2\/posts\/820\/revisions"}],"predecessor-version":[{"id":821,"href":"https:\/\/siby.se\/tweet\/wp-json\/wp\/v2\/posts\/820\/revisions\/821"}],"wp:attachment":[{"href":"https:\/\/siby.se\/tweet\/wp-json\/wp\/v2\/media?parent=820"}],"wp:term":[{"taxonomy":"category","embeddable":true,"href":"https:\/\/siby.se\/tweet\/wp-json\/wp\/v2\/categories?post=820"},{"taxonomy":"post_tag","embeddable":true,"href":"https:\/\/siby.se\/tweet\/wp-json\/wp\/v2\/tags?post=820"}],"curies":[{"name":"wp","href":"https:\/\/api.w.org\/{rel}","templated":true}]}}