{"id":826,"date":"2015-03-20T05:25:28","date_gmt":"2015-03-20T05:25:28","guid":{"rendered":"http:\/\/siby.se\/tweet\/?p=826"},"modified":"2015-03-20T05:25:28","modified_gmt":"2015-03-20T05:25:28","slug":"vand-pa-steken","status":"publish","type":"post","link":"https:\/\/siby.se\/tweet\/blog\/2015\/03\/20\/vand-pa-steken\/","title":{"rendered":"V\u00e4nd p\u00e5 steken"},"content":{"rendered":"<p>Ig\u00e5r n\u00e4r jag k\u00f6rde hem fr\u00e5n jobbet hade jag en mulande huvudv\u00e4rk och \u00f6nskade att det kunde bli l\u00f6rdagkv\u00e4ll och jag kr\u00f6p ner under t\u00e4cket f\u00f6r att slippa h\u00f6ra v\u00e4ckarklockan n\u00e4stkommande morgon. Nu vill jag lite sl\u00e5 p\u00e5 mig sj\u00e4lv f\u00f6r det som jag har framf\u00f6r mig ska egentligen peppa mig och k\u00e4nna nu k\u00f6r vi. Ig\u00e5r kv\u00e4ll hj\u00e4lpte jag grannungen Nathalie att sy f\u00e4rdigt hennes konst\u00e5kningskl\u00e4der, 3 ombyten (dalmatin, katt och en utav de 7 dv\u00e4rgarna). Kvart \u00f6ver tio var jag klar och d\u00e5 ramlade jag i s\u00e4ng. Nu fre &amp; l\u00f6 \u00e4r det lantbruksm\u00e4ssa som g\u00e4ller, visst jag \u00e4r tr\u00f6tt och k\u00e4nner mig sliten men jag ska f\u00f6rs\u00f6ka se allt som en lycka att jag kan g\u00f6ra dessa saker. Satt och l\u00e4ste blondinbellas blogg samtidigt som jag petade i mig min gr\u00f6t, visst hon har ett kapital jag inte skulle dr\u00f6mma om men hon ser livet lite som i silverglans, lite finare och lite gladare. Det tillh\u00f6r kanske henne som person men det g\u00f6r allt lite h\u00e4rligare att leva med. Det var dagen upp\u00e5tboost, ska f\u00f6r\u00f6ska spara lite silverglans till min vardag och f\u00f6rs\u00f6ka s\u00e4nka mina krav p\u00e5 vad mina veckodagar skall inneh\u00e5lla.<\/p>\n<p style=\"text-align: center;\"><a href=\"http:\/\/siby.se\/tweet\/wp-content\/uploads\/2014\/09\/Tjurruset-2014.jpg\"><img loading=\"lazy\" class=\"alignnone size-full wp-image-671\" src=\"http:\/\/siby.se\/tweet\/wp-content\/uploads\/2014\/09\/Tjurruset-2014.jpg\" alt=\"Tjurruset 2014\" width=\"720\" height=\"720\" srcset=\"https:\/\/siby.se\/tweet\/wp-content\/uploads\/2014\/09\/Tjurruset-2014.jpg 720w, https:\/\/siby.se\/tweet\/wp-content\/uploads\/2014\/09\/Tjurruset-2014-300x300.jpg 300w\" sizes=\"(max-width: 720px) 100vw, 720px\" \/><br \/>\n<\/a>(h\u00e4r \u00e4r jag efter ett genomf\u00f6rt Tjurrusetlopp, tr\u00f6tt &amp; lerig men v\u00e4ldigt glad)<\/p>\n","protected":false},"excerpt":{"rendered":"<p>Ig\u00e5r n\u00e4r jag k\u00f6rde hem fr\u00e5n jobbet hade jag en mulande huvudv\u00e4rk och \u00f6nskade att det kunde bli l\u00f6rdagkv\u00e4ll och jag kr\u00f6p ner under t\u00e4cket f\u00f6r att slippa h\u00f6ra v\u00e4ckarklockan n\u00e4stkommande morgon. Nu vill jag lite sl\u00e5 p\u00e5 mig sj\u00e4lv &hellip; <a href=\"https:\/\/siby.se\/tweet\/blog\/2015\/03\/20\/vand-pa-steken\/\">Forts\u00e4tt l\u00e4sa <span class=\"meta-nav\">&rarr;<\/span><\/a><\/p>\n","protected":false},"author":1,"featured_media":0,"comment_status":"open","ping_status":"open","sticky":false,"template":"","format":"standard","meta":[],"categories":[4,9],"tags":[],"_links":{"self":[{"href":"https:\/\/siby.se\/tweet\/wp-json\/wp\/v2\/posts\/826"}],"collection":[{"href":"https:\/\/siby.se\/tweet\/wp-json\/wp\/v2\/posts"}],"about":[{"href":"https:\/\/siby.se\/tweet\/wp-json\/wp\/v2\/types\/post"}],"author":[{"embeddable":true,"href":"https:\/\/siby.se\/tweet\/wp-json\/wp\/v2\/users\/1"}],"replies":[{"embeddable":true,"href":"https:\/\/siby.se\/tweet\/wp-json\/wp\/v2\/comments?post=826"}],"version-history":[{"count":1,"href":"https:\/\/siby.se\/tweet\/wp-json\/wp\/v2\/posts\/826\/revisions"}],"predecessor-version":[{"id":827,"href":"https:\/\/siby.se\/tweet\/wp-json\/wp\/v2\/posts\/826\/revisions\/827"}],"wp:attachment":[{"href":"https:\/\/siby.se\/tweet\/wp-json\/wp\/v2\/media?parent=826"}],"wp:term":[{"taxonomy":"category","embeddable":true,"href":"https:\/\/siby.se\/tweet\/wp-json\/wp\/v2\/categories?post=826"},{"taxonomy":"post_tag","embeddable":true,"href":"https:\/\/siby.se\/tweet\/wp-json\/wp\/v2\/tags?post=826"}],"curies":[{"name":"wp","href":"https:\/\/api.w.org\/{rel}","templated":true}]}}