{"id":848,"date":"2015-05-01T20:59:42","date_gmt":"2015-05-01T20:59:42","guid":{"rendered":"http:\/\/siby.se\/tweet\/?p=848"},"modified":"2015-05-01T20:59:42","modified_gmt":"2015-05-01T20:59:42","slug":"1-maj","status":"publish","type":"post","link":"https:\/\/siby.se\/tweet\/blog\/2015\/05\/01\/1-maj\/","title":{"rendered":"1 maj"},"content":{"rendered":"<p><a href=\"http:\/\/siby.se\/tweet\/wp-content\/uploads\/2015\/05\/IMG_20150501_141329.jpg\"><img loading=\"lazy\" class=\"alignnone size-full wp-image-849\" src=\"http:\/\/siby.se\/tweet\/wp-content\/uploads\/2015\/05\/IMG_20150501_141329.jpg\" alt=\"IMG_20150501_141329\" width=\"2048\" height=\"1536\" srcset=\"https:\/\/siby.se\/tweet\/wp-content\/uploads\/2015\/05\/IMG_20150501_141329.jpg 2048w, https:\/\/siby.se\/tweet\/wp-content\/uploads\/2015\/05\/IMG_20150501_141329-300x225.jpg 300w, https:\/\/siby.se\/tweet\/wp-content\/uploads\/2015\/05\/IMG_20150501_141329-400x300.jpg 400w\" sizes=\"(max-width: 2048px) 100vw, 2048px\" \/><\/a><\/p>\n<p>&nbsp;<\/p>\n<p>Min f\u00f6rsta maj spenderades tillsammans med Gustav, \u00a0vi tog sovmorgon och gjorde amerikanska pannkakor till frukost. D\u00e4refter st\u00e4dade vi ovanv\u00e5ningen hos hans far f\u00f6r att sen b\u00e4ra ut tr\u00e4dg\u00e5rdsm\u00f6blerna. Nu v\u00e4ntar vi p\u00e5.v\u00e4rmen s\u00e5 vi kan sitta ute och fika <\/p>\n<p>P\u00e5 eftermiddagen \u00e5kte vi till Borgunda och h\u00e4lsade p\u00e5 Gustavs mamma och mormor. \u00a0Vi \u00e5t fruktsallad och tj\u00f6ta skit.<\/p>\n<p><a href=\"http:\/\/siby.se\/tweet\/wp-content\/uploads\/2015\/05\/IMG_20150501_193432.jpg\"><img loading=\"lazy\" class=\"alignnone size-full wp-image-850\" src=\"http:\/\/siby.se\/tweet\/wp-content\/uploads\/2015\/05\/IMG_20150501_193432.jpg\" alt=\"IMG_20150501_193432\" width=\"2048\" height=\"1536\" srcset=\"https:\/\/siby.se\/tweet\/wp-content\/uploads\/2015\/05\/IMG_20150501_193432.jpg 2048w, https:\/\/siby.se\/tweet\/wp-content\/uploads\/2015\/05\/IMG_20150501_193432-300x225.jpg 300w, https:\/\/siby.se\/tweet\/wp-content\/uploads\/2015\/05\/IMG_20150501_193432-400x300.jpg 400w\" sizes=\"(max-width: 2048px) 100vw, 2048px\" \/><\/a><\/p>\n<p>&nbsp;<\/p>\n<p>Jag avrundade dagen med en barbackatur p\u00e5 Caruso tillsammans med Brummel. \u00a0F\u00f6r att sen inviga mina nya l\u00f6parskor, det blev en Balsam f\u00f6r sj\u00e4len dag!<\/p>\n<p>&nbsp;<\/p>\n","protected":false},"excerpt":{"rendered":"<p>&nbsp; Min f\u00f6rsta maj spenderades tillsammans med Gustav, \u00a0vi tog sovmorgon och gjorde amerikanska pannkakor till frukost. D\u00e4refter st\u00e4dade vi ovanv\u00e5ningen hos hans far f\u00f6r att sen b\u00e4ra ut tr\u00e4dg\u00e5rdsm\u00f6blerna. Nu v\u00e4ntar vi p\u00e5.v\u00e4rmen s\u00e5 vi kan sitta ute och &hellip; <a href=\"https:\/\/siby.se\/tweet\/blog\/2015\/05\/01\/1-maj\/\">Forts\u00e4tt l\u00e4sa <span class=\"meta-nav\">&rarr;<\/span><\/a><\/p>\n","protected":false},"author":1,"featured_media":0,"comment_status":"open","ping_status":"open","sticky":false,"template":"","format":"standard","meta":[],"categories":[4],"tags":[],"_links":{"self":[{"href":"https:\/\/siby.se\/tweet\/wp-json\/wp\/v2\/posts\/848"}],"collection":[{"href":"https:\/\/siby.se\/tweet\/wp-json\/wp\/v2\/posts"}],"about":[{"href":"https:\/\/siby.se\/tweet\/wp-json\/wp\/v2\/types\/post"}],"author":[{"embeddable":true,"href":"https:\/\/siby.se\/tweet\/wp-json\/wp\/v2\/users\/1"}],"replies":[{"embeddable":true,"href":"https:\/\/siby.se\/tweet\/wp-json\/wp\/v2\/comments?post=848"}],"version-history":[{"count":1,"href":"https:\/\/siby.se\/tweet\/wp-json\/wp\/v2\/posts\/848\/revisions"}],"predecessor-version":[{"id":851,"href":"https:\/\/siby.se\/tweet\/wp-json\/wp\/v2\/posts\/848\/revisions\/851"}],"wp:attachment":[{"href":"https:\/\/siby.se\/tweet\/wp-json\/wp\/v2\/media?parent=848"}],"wp:term":[{"taxonomy":"category","embeddable":true,"href":"https:\/\/siby.se\/tweet\/wp-json\/wp\/v2\/categories?post=848"},{"taxonomy":"post_tag","embeddable":true,"href":"https:\/\/siby.se\/tweet\/wp-json\/wp\/v2\/tags?post=848"}],"curies":[{"name":"wp","href":"https:\/\/api.w.org\/{rel}","templated":true}]}}