{"id":877,"date":"2015-06-11T13:59:38","date_gmt":"2015-06-11T13:59:38","guid":{"rendered":"http:\/\/siby.se\/tweet\/?p=877"},"modified":"2015-06-11T13:59:38","modified_gmt":"2015-06-11T13:59:38","slug":"sommarvarmen-kom","status":"publish","type":"post","link":"https:\/\/siby.se\/tweet\/blog\/2015\/06\/11\/sommarvarmen-kom\/","title":{"rendered":"Sommarv\u00e4rmen kom"},"content":{"rendered":"<p>Idag \u00e4r det andra dagen som det verkligen k\u00e4nns som sommar, till och med vinden v\u00e4rmer mot kiden. Bl\u00e5 himmel med fluffiga vita moln och en v\u00e4rmande sol bakom. Precis vad en semesterl\u00e4ngtande Martina beh\u00f6ver, en k\u00e4nsla p\u00e5 vad som \u00e4r p\u00e5 g\u00e5ng och vad jag har att v\u00e4nta p\u00e5.<\/p>\n<p>Ikv\u00e4ll \u00e5ker mamma, pappa, hanna och jag till v\u00e4stervik f\u00f6r att fira att min \u00e4ldsta kusin tar studenten. Jag kommer ha finsate sommarkl\u00e4nningen, kommer fr\u00e5n H&amp;M:s kollektion I &lt;3 coachella<br \/>\n<a id=\"irc_mil\" href=\"http:\/\/www.google.se\/url?sa=i&amp;rct=j&amp;q=&amp;esrc=s&amp;frm=1&amp;source=images&amp;cd=&amp;cad=rja&amp;uact=8&amp;ved=0CAcQjRxqFQoTCNrX0tvlh8YCFXJr2wod9aIAHw&amp;url=http%3A%2F%2Fcoolspotters.com%2Fclothing%2Fh-and-m-coachella-collection-dress&amp;ei=iJN5VdrzOvLW7Qb1xYL4AQ&amp;bvm=bv.95277229,d.ZGU&amp;psig=AFQjCNHhGY-XlAdgRjEgNVyBF1LQMu3Wwg&amp;ust=1434117325514809\" data-ved=\"0CAcQjRxqFQoTCNrX0tvlh8YCFXJr2wod9aIAHw\"><img loading=\"lazy\" id=\"irc_mi\" class=\" aligncenter\" src=\"http:\/\/coolspotters.com\/files\/photos\/1250593\/h-and-m-coachella-collection-dress-profile.jpg\" alt=\"\" width=\"300\" height=\"300\" \/><\/a>Kommer l\u00e4gga upp bilder p\u00e5 mig n\u00e4r jag har den imorgon och t\u00e4nkte dessutom ha den p\u00e5 s\u00f6ndag n\u00e4r vi har avslutning med k\u00f6ren samt p\u00e5 midsommar. Det var av en ren h\u00e4ndelse att jag sprang p\u00e5 den, h\u00e4nge p\u00e5 rea-st\u00e5ngen p\u00e5 H&amp;M i Hornstull f\u00f6r att n\u00e5gra s\u00f6mmar gett upp men lyckades pilla ihop den p\u00e5 20 min och nu l\u00e4ngtar jag till att f\u00e5 b\u00e4ra den.<\/p>\n","protected":false},"excerpt":{"rendered":"<p>Idag \u00e4r det andra dagen som det verkligen k\u00e4nns som sommar, till och med vinden v\u00e4rmer mot kiden. Bl\u00e5 himmel med fluffiga vita moln och en v\u00e4rmande sol bakom. Precis vad en semesterl\u00e4ngtande Martina beh\u00f6ver, en k\u00e4nsla p\u00e5 vad som &hellip; <a href=\"https:\/\/siby.se\/tweet\/blog\/2015\/06\/11\/sommarvarmen-kom\/\">Forts\u00e4tt l\u00e4sa <span class=\"meta-nav\">&rarr;<\/span><\/a><\/p>\n","protected":false},"author":1,"featured_media":0,"comment_status":"open","ping_status":"open","sticky":false,"template":"","format":"standard","meta":[],"categories":[7],"tags":[],"_links":{"self":[{"href":"https:\/\/siby.se\/tweet\/wp-json\/wp\/v2\/posts\/877"}],"collection":[{"href":"https:\/\/siby.se\/tweet\/wp-json\/wp\/v2\/posts"}],"about":[{"href":"https:\/\/siby.se\/tweet\/wp-json\/wp\/v2\/types\/post"}],"author":[{"embeddable":true,"href":"https:\/\/siby.se\/tweet\/wp-json\/wp\/v2\/users\/1"}],"replies":[{"embeddable":true,"href":"https:\/\/siby.se\/tweet\/wp-json\/wp\/v2\/comments?post=877"}],"version-history":[{"count":1,"href":"https:\/\/siby.se\/tweet\/wp-json\/wp\/v2\/posts\/877\/revisions"}],"predecessor-version":[{"id":878,"href":"https:\/\/siby.se\/tweet\/wp-json\/wp\/v2\/posts\/877\/revisions\/878"}],"wp:attachment":[{"href":"https:\/\/siby.se\/tweet\/wp-json\/wp\/v2\/media?parent=877"}],"wp:term":[{"taxonomy":"category","embeddable":true,"href":"https:\/\/siby.se\/tweet\/wp-json\/wp\/v2\/categories?post=877"},{"taxonomy":"post_tag","embeddable":true,"href":"https:\/\/siby.se\/tweet\/wp-json\/wp\/v2\/tags?post=877"}],"curies":[{"name":"wp","href":"https:\/\/api.w.org\/{rel}","templated":true}]}}