{"id":886,"date":"2015-08-06T05:07:06","date_gmt":"2015-08-06T05:07:06","guid":{"rendered":"http:\/\/siby.se\/tweet\/?p=886"},"modified":"2015-08-06T05:07:06","modified_gmt":"2015-08-06T05:07:06","slug":"har-ar-jag-och-gustav-innan-sandras-axels-brollop","status":"publish","type":"post","link":"https:\/\/siby.se\/tweet\/blog\/2015\/08\/06\/har-ar-jag-och-gustav-innan-sandras-axels-brollop\/","title":{"rendered":"H\u00e4r \u00e4r jag och Gustav innan Sandras &#038; Axels Br\u00f6llop"},"content":{"rendered":"<p><a href=\"http:\/\/siby.se\/tweet\/wp-content\/uploads\/2015\/08\/unnamed.jpg\"><img loading=\"lazy\" class=\"alignnone size-full wp-image-887\" src=\"http:\/\/siby.se\/tweet\/wp-content\/uploads\/2015\/08\/unnamed.jpg\" alt=\"unnamed\" width=\"308\" height=\"547\" srcset=\"https:\/\/siby.se\/tweet\/wp-content\/uploads\/2015\/08\/unnamed.jpg 308w, https:\/\/siby.se\/tweet\/wp-content\/uploads\/2015\/08\/unnamed-169x300.jpg 169w\" sizes=\"(max-width: 308px) 100vw, 308px\" \/><\/a><\/p>\n<p>&nbsp;<\/p>\n<p>Visst e han fin i sin nya kostym och skor?<\/p>\n<p>&nbsp;<\/p>\n","protected":false},"excerpt":{"rendered":"<p>&nbsp; Visst e han fin i sin nya kostym och skor? &nbsp;<\/p>\n","protected":false},"author":1,"featured_media":0,"comment_status":"open","ping_status":"open","sticky":false,"template":"","format":"standard","meta":[],"categories":[4],"tags":[],"_links":{"self":[{"href":"https:\/\/siby.se\/tweet\/wp-json\/wp\/v2\/posts\/886"}],"collection":[{"href":"https:\/\/siby.se\/tweet\/wp-json\/wp\/v2\/posts"}],"about":[{"href":"https:\/\/siby.se\/tweet\/wp-json\/wp\/v2\/types\/post"}],"author":[{"embeddable":true,"href":"https:\/\/siby.se\/tweet\/wp-json\/wp\/v2\/users\/1"}],"replies":[{"embeddable":true,"href":"https:\/\/siby.se\/tweet\/wp-json\/wp\/v2\/comments?post=886"}],"version-history":[{"count":1,"href":"https:\/\/siby.se\/tweet\/wp-json\/wp\/v2\/posts\/886\/revisions"}],"predecessor-version":[{"id":888,"href":"https:\/\/siby.se\/tweet\/wp-json\/wp\/v2\/posts\/886\/revisions\/888"}],"wp:attachment":[{"href":"https:\/\/siby.se\/tweet\/wp-json\/wp\/v2\/media?parent=886"}],"wp:term":[{"taxonomy":"category","embeddable":true,"href":"https:\/\/siby.se\/tweet\/wp-json\/wp\/v2\/categories?post=886"},{"taxonomy":"post_tag","embeddable":true,"href":"https:\/\/siby.se\/tweet\/wp-json\/wp\/v2\/tags?post=886"}],"curies":[{"name":"wp","href":"https:\/\/api.w.org\/{rel}","templated":true}]}}