{"id":900,"date":"2015-09-21T20:05:16","date_gmt":"2015-09-21T20:05:16","guid":{"rendered":"http:\/\/siby.se\/tweet\/?p=900"},"modified":"2015-09-22T08:49:56","modified_gmt":"2015-09-22T08:49:56","slug":"hosten-hittar-in-i-garderoben","status":"publish","type":"post","link":"https:\/\/siby.se\/tweet\/blog\/2015\/09\/21\/hosten-hittar-in-i-garderoben\/","title":{"rendered":"H\u00f6sten hittar in i garderoben"},"content":{"rendered":"<p>Hur jag \u00e4n \u00f6nskar \u00e4r sommaren \u00f6ver och h\u00f6sten \u00e4r h\u00e4r, visserligen visat sig med underbart v\u00e4der, d\u00e4r solen visat sin vackra nuna och h\u00f6g luft. Ja h\u00f6sten har verkligen sin charm den med. I l\u00f6rdags uppdaterade jag garderoben med nya blusar och ett par jeans, vilket betyder att h\u00f6sten har hittat in i min garderob och att det \u00e4r dags att plocka ur alla sommar plagg och l\u00e5ta dem &#8221;gl\u00f6mmas&#8221; bort till n\u00e4sta \u00e5r. Nu \u00e4r det dags med h\u00e4rliga murriga nyanser, stickat och te med levande ljus. Okej jag \u00e4r glad att du \u00e4r h\u00e4r h\u00f6sten f\u00f6r nu \u00e4r det helt OK att stanna inne och mysa framf\u00f6r en bra bok \u00e4n att k\u00e4nna tv\u00e5nget att vara ute pga det underbara v\u00e4dret utanf\u00f6r. Jag kommer sakna dig ljuset f\u00f6r du ger mig s\u00e5n energi men jag f\u00e5r helt enkelt fylla p\u00e5 dep\u00e5erna med mys, ljus, v\u00e4rme, stickat, tr\u00e4ning, yoga, h\u00e4star, Gustav, levande brasa, familjen, Brummel vilket ser ut att kunna r\u00e4cka gott och v\u00e4l &lt;3<\/p>\n<p><a href=\"http:\/\/siby.se\/tweet\/wp-content\/uploads\/2015\/09\/IMG_20130827_160712.jpg\"><img loading=\"lazy\" class=\"alignnone size-full wp-image-901\" src=\"http:\/\/siby.se\/tweet\/wp-content\/uploads\/2015\/09\/IMG_20130827_160712.jpg\" alt=\"IMG_20130827_160712\" width=\"1080\" height=\"1080\" srcset=\"https:\/\/siby.se\/tweet\/wp-content\/uploads\/2015\/09\/IMG_20130827_160712.jpg 1080w, https:\/\/siby.se\/tweet\/wp-content\/uploads\/2015\/09\/IMG_20130827_160712-300x300.jpg 300w\" sizes=\"(max-width: 1080px) 100vw, 1080px\" \/><\/a><\/p>\n","protected":false},"excerpt":{"rendered":"<p>Hur jag \u00e4n \u00f6nskar \u00e4r sommaren \u00f6ver och h\u00f6sten \u00e4r h\u00e4r, visserligen visat sig med underbart v\u00e4der, d\u00e4r solen visat sin vackra nuna och h\u00f6g luft. Ja h\u00f6sten har verkligen sin charm den med. I l\u00f6rdags uppdaterade jag garderoben med &hellip; <a href=\"https:\/\/siby.se\/tweet\/blog\/2015\/09\/21\/hosten-hittar-in-i-garderoben\/\">Forts\u00e4tt l\u00e4sa <span class=\"meta-nav\">&rarr;<\/span><\/a><\/p>\n","protected":false},"author":1,"featured_media":0,"comment_status":"open","ping_status":"open","sticky":false,"template":"","format":"standard","meta":[],"categories":[7],"tags":[],"_links":{"self":[{"href":"https:\/\/siby.se\/tweet\/wp-json\/wp\/v2\/posts\/900"}],"collection":[{"href":"https:\/\/siby.se\/tweet\/wp-json\/wp\/v2\/posts"}],"about":[{"href":"https:\/\/siby.se\/tweet\/wp-json\/wp\/v2\/types\/post"}],"author":[{"embeddable":true,"href":"https:\/\/siby.se\/tweet\/wp-json\/wp\/v2\/users\/1"}],"replies":[{"embeddable":true,"href":"https:\/\/siby.se\/tweet\/wp-json\/wp\/v2\/comments?post=900"}],"version-history":[{"count":1,"href":"https:\/\/siby.se\/tweet\/wp-json\/wp\/v2\/posts\/900\/revisions"}],"predecessor-version":[{"id":902,"href":"https:\/\/siby.se\/tweet\/wp-json\/wp\/v2\/posts\/900\/revisions\/902"}],"wp:attachment":[{"href":"https:\/\/siby.se\/tweet\/wp-json\/wp\/v2\/media?parent=900"}],"wp:term":[{"taxonomy":"category","embeddable":true,"href":"https:\/\/siby.se\/tweet\/wp-json\/wp\/v2\/categories?post=900"},{"taxonomy":"post_tag","embeddable":true,"href":"https:\/\/siby.se\/tweet\/wp-json\/wp\/v2\/tags?post=900"}],"curies":[{"name":"wp","href":"https:\/\/api.w.org\/{rel}","templated":true}]}}