{"id":904,"date":"2015-10-02T10:10:02","date_gmt":"2015-10-02T10:10:02","guid":{"rendered":"http:\/\/siby.se\/tweet\/?p=904"},"modified":"2015-10-02T10:37:12","modified_gmt":"2015-10-02T10:37:12","slug":"godis-i-hyllmeter","status":"publish","type":"post","link":"https:\/\/siby.se\/tweet\/blog\/2015\/10\/02\/godis-i-hyllmeter\/","title":{"rendered":"Godis i hyllmeter"},"content":{"rendered":"<p>Ig\u00e5r bl\u00e4ddrade jag f\u00f6rbi en jag f\u00f6ljer p\u00e5 instagram, Jonas Coltning (inspirat\u00f6r, triatlet och f\u00f6rel\u00e4sare) Han var arg, s\u00e5 j\u00e4kla f\u00f6rbannad \u00f6ver alla hyllmeter med godis som matvarubutiker st\u00e4ller fram precis innan kassorna. Alla konflikter som uppst\u00e5r under dessa meter och suget. Det f\u00f6rbannade suget man k\u00e4nner efter konstgjorda gottebitar. Jag kan sj\u00e4lv l\u00e4ngta men n\u00e4r jag v\u00e4l tar en bit k\u00e4nner jag\u00a0mig j\u00e4tte \u00e4cklig och stor heffaklump. Det st\u00e4mmer ju inte men hela mitt sj\u00e4lvf\u00f6rtroende rasar i bott och vill allre helst dra t\u00e4cket \u00f6ver huvudet.<\/p>\n<p>Jonas ryter verkligen ifr\u00e5n och h\u00e4nger ut den butiken han vanligtvis handlar i, jag f\u00f6rst\u00e5r honom, fetma \u00e4r ett v\u00e4xande problem och tillsammans med d\u00e5lig karakt\u00e4r (inte gl\u00f6mma det d\u00e5liga samvetet) \u00f6kar konusmtionen\u00a0av produkter som inte \u00e4r helt perfekta f\u00f6r v\u00e5ra kroppar eller v\u00e5ra bel\u00f6ningssystem.<\/p>\n<p>Kom igen nu m\u00e4nskligheten vi kan leva utan det h\u00e4r skr\u00e4pet, allt i lagom dos och s\u00e5 r\u00f6r vi p\u00e5 oss!<\/p>\n<p>&nbsp;<\/p>\n","protected":false},"excerpt":{"rendered":"<p>Ig\u00e5r bl\u00e4ddrade jag f\u00f6rbi en jag f\u00f6ljer p\u00e5 instagram, Jonas Coltning (inspirat\u00f6r, triatlet och f\u00f6rel\u00e4sare) Han var arg, s\u00e5 j\u00e4kla f\u00f6rbannad \u00f6ver alla hyllmeter med godis som matvarubutiker st\u00e4ller fram precis innan kassorna. Alla konflikter som uppst\u00e5r under dessa meter &hellip; <a href=\"https:\/\/siby.se\/tweet\/blog\/2015\/10\/02\/godis-i-hyllmeter\/\">Forts\u00e4tt l\u00e4sa <span class=\"meta-nav\">&rarr;<\/span><\/a><\/p>\n","protected":false},"author":1,"featured_media":0,"comment_status":"open","ping_status":"open","sticky":false,"template":"","format":"standard","meta":[],"categories":[3],"tags":[],"_links":{"self":[{"href":"https:\/\/siby.se\/tweet\/wp-json\/wp\/v2\/posts\/904"}],"collection":[{"href":"https:\/\/siby.se\/tweet\/wp-json\/wp\/v2\/posts"}],"about":[{"href":"https:\/\/siby.se\/tweet\/wp-json\/wp\/v2\/types\/post"}],"author":[{"embeddable":true,"href":"https:\/\/siby.se\/tweet\/wp-json\/wp\/v2\/users\/1"}],"replies":[{"embeddable":true,"href":"https:\/\/siby.se\/tweet\/wp-json\/wp\/v2\/comments?post=904"}],"version-history":[{"count":4,"href":"https:\/\/siby.se\/tweet\/wp-json\/wp\/v2\/posts\/904\/revisions"}],"predecessor-version":[{"id":908,"href":"https:\/\/siby.se\/tweet\/wp-json\/wp\/v2\/posts\/904\/revisions\/908"}],"wp:attachment":[{"href":"https:\/\/siby.se\/tweet\/wp-json\/wp\/v2\/media?parent=904"}],"wp:term":[{"taxonomy":"category","embeddable":true,"href":"https:\/\/siby.se\/tweet\/wp-json\/wp\/v2\/categories?post=904"},{"taxonomy":"post_tag","embeddable":true,"href":"https:\/\/siby.se\/tweet\/wp-json\/wp\/v2\/tags?post=904"}],"curies":[{"name":"wp","href":"https:\/\/api.w.org\/{rel}","templated":true}]}}