{"id":909,"date":"2015-10-06T05:28:45","date_gmt":"2015-10-06T05:28:45","guid":{"rendered":"http:\/\/siby.se\/tweet\/?p=909"},"modified":"2015-10-06T05:28:45","modified_gmt":"2015-10-06T05:28:45","slug":"bollnas-trailrace","status":"publish","type":"post","link":"https:\/\/siby.se\/tweet\/blog\/2015\/10\/06\/bollnas-trailrace\/","title":{"rendered":"Bolln\u00e4s Trailrace"},"content":{"rendered":"<p><img src=\"https:\/\/scontent-arn2-1.xx.fbcdn.net\/hphotos-xat1\/v\/t1.0-9\/12079544_10154185828790130_1667372788831199084_n.jpg?oh=0ddca9097b2c97888b793c01df885bb1&amp;oe=568DFCE0\" alt=\"\" \/><\/p>\n<p>H\u00e4r ovan \u00e4r en bild fr\u00e5n det senaste loppet jag har gjort, Bolln\u00e4s Trailrace, kortet \u00e4r taget efter sista uppf\u00f6rsbacken, ca 8 km in i banan. H\u00e4r hade jag gett upp efter flera km med backar ville jag l\u00e4gga mig i fosterst\u00e4llning och grina. Jag var s\u00e5 ledsen och nedslagen \u00f6ver min of\u00f6rm\u00e5ga att inte orka genom hela loppet, allts\u00e5 det h\u00e4r \u00e4r f\u00f6rsta g\u00e5ngen som jag g\u00e5r i ett lopp. K\u00e4nsla g\u00e5r att likst\u00e4lla med n\u00e4r f\u00f6rsta tentan g\u00e5r \u00e5t helvete, stor besvikelse. \u00a0Jag var helt enkelt inte tillr\u00e4ckligt tr\u00e4nad f\u00f6r att orka genom ett s\u00e5dant h\u00e4r lopp. G\u00f6teborgsvarvet sl\u00e4ng dig i v\u00e4ggen det h\u00e4r var det ultimata med ca 3 km upp f\u00f6r ett berg, hall\u00e5 ett BERG? Jag \u00e4r van med plattlandskap och eventuellt en backe p\u00e5 100 m?<\/p>\n<p>Min uppgivenhet f\u00f6rsvann ganska snabbt efter att jag tog kortet s\u00e5\u00a0\u00a0Hel\u00e9ne (min l\u00f6partvillingsj\u00e4l) och jag tog oss ann de sista km och sprang i m\u00e5l med ett leende, jag tror till och med att vi skrattade f\u00f6r mer kan jag nog inte g\u00f6ra. Att hata min kropp \u00e4r inte aktuellt d\u00e4rf\u00f6r om jag ser tillbaka s\u00e5 f\u00f6r 2 \u00e5r sedan hade jag aldrig ens t\u00e4nkt tanken att starta. Nu har jag genomf\u00f6rt 2 g\u00f6teborgsvarv, 2 tjurruset, ett midnattslopp, ett colormead lopp och nu ett Bolln\u00e4s Trailrace och f\u00f6r stunden \u00e4r jag n\u00f6jd med min insats och det betyder att jag kommer forts\u00e4tta h\u00e4vda att jag \u00e4r en l\u00f6pare.<\/p>\n<p>Jag m\u00e5ste dit n\u00e4sta \u00e5r f\u00f6r att jag f\u00e5tt blodadtand\u00a0och n\u00e5gon m\u00e5ste ju komma sist igen \ud83d\ude09 (vi var max 15 startande kvinnor och alla var hurtbullar allihopa)<\/p>\n","protected":false},"excerpt":{"rendered":"<p>H\u00e4r ovan \u00e4r en bild fr\u00e5n det senaste loppet jag har gjort, Bolln\u00e4s Trailrace, kortet \u00e4r taget efter sista uppf\u00f6rsbacken, ca 8 km in i banan. H\u00e4r hade jag gett upp efter flera km med backar ville jag l\u00e4gga mig &hellip; <a href=\"https:\/\/siby.se\/tweet\/blog\/2015\/10\/06\/bollnas-trailrace\/\">Forts\u00e4tt l\u00e4sa <span class=\"meta-nav\">&rarr;<\/span><\/a><\/p>\n","protected":false},"author":1,"featured_media":0,"comment_status":"open","ping_status":"open","sticky":false,"template":"","format":"standard","meta":[],"categories":[9],"tags":[],"_links":{"self":[{"href":"https:\/\/siby.se\/tweet\/wp-json\/wp\/v2\/posts\/909"}],"collection":[{"href":"https:\/\/siby.se\/tweet\/wp-json\/wp\/v2\/posts"}],"about":[{"href":"https:\/\/siby.se\/tweet\/wp-json\/wp\/v2\/types\/post"}],"author":[{"embeddable":true,"href":"https:\/\/siby.se\/tweet\/wp-json\/wp\/v2\/users\/1"}],"replies":[{"embeddable":true,"href":"https:\/\/siby.se\/tweet\/wp-json\/wp\/v2\/comments?post=909"}],"version-history":[{"count":1,"href":"https:\/\/siby.se\/tweet\/wp-json\/wp\/v2\/posts\/909\/revisions"}],"predecessor-version":[{"id":910,"href":"https:\/\/siby.se\/tweet\/wp-json\/wp\/v2\/posts\/909\/revisions\/910"}],"wp:attachment":[{"href":"https:\/\/siby.se\/tweet\/wp-json\/wp\/v2\/media?parent=909"}],"wp:term":[{"taxonomy":"category","embeddable":true,"href":"https:\/\/siby.se\/tweet\/wp-json\/wp\/v2\/categories?post=909"},{"taxonomy":"post_tag","embeddable":true,"href":"https:\/\/siby.se\/tweet\/wp-json\/wp\/v2\/tags?post=909"}],"curies":[{"name":"wp","href":"https:\/\/api.w.org\/{rel}","templated":true}]}}