{"id":935,"date":"2015-11-27T15:39:28","date_gmt":"2015-11-27T15:39:28","guid":{"rendered":"http:\/\/siby.se\/tweet\/?p=935"},"modified":"2015-11-27T15:40:27","modified_gmt":"2015-11-27T15:40:27","slug":"nar-det-ger-resultat","status":"publish","type":"post","link":"https:\/\/siby.se\/tweet\/blog\/2015\/11\/27\/nar-det-ger-resultat\/","title":{"rendered":"n\u00e4r det ger resultat"},"content":{"rendered":"<p>idag st\u00e4llde jag mig p\u00e5 v\u00e5gen, -2,3 kg efter 4 veckors tr\u00e4ning. Ett ljus spreds inom mig att jag kan, att det g\u00e5r att jag inte m\u00e5ste acceptera att de d\u00e4r extra kg inte vill f\u00f6rsvinna. Min dr\u00f6m finns d\u00e4r och den kommer n\u00e4rmre.<\/p>\n<p>Jag vill f\u00f6rst skicka en tanke till Jonas, som tog emot mig med \u00f6ppna armar och sa det ska bli kul att ge n\u00e5gon annan rej\u00e4lt med mj\u00f6lksyra. Jag numera\u00a0l\u00e4ngtar till gymmet, till svetten till k\u00e4nslan av styrkan inom mig. Jag har inte tagit ett l\u00f6psteg p\u00e5 v\u00e4ldigt l\u00e4nge och det \u00e4r sk\u00f6nt, f\u00f6r j\u00e4kla sk\u00f6nt, nu \u00e4r det styrka som g\u00e4ller hela december och januari ut sen kommer skorna sn\u00f6ras p\u00e5 och mer l\u00f6pning l\u00e4ggs till.<\/p>\n<p>Jag l\u00e4ngtar redan till imorgon d\u00e5 \u00e4r det du och jag kroppen &lt;3<\/p>\n<p><a href=\"http:\/\/siby.se\/tweet\/wp-content\/uploads\/2014\/09\/Tjurruset-2014.jpg\"><img loading=\"lazy\" class=\"alignnone size-full wp-image-671\" src=\"http:\/\/siby.se\/tweet\/wp-content\/uploads\/2014\/09\/Tjurruset-2014.jpg\" alt=\"Tjurruset 2014\" width=\"720\" height=\"720\" srcset=\"https:\/\/siby.se\/tweet\/wp-content\/uploads\/2014\/09\/Tjurruset-2014.jpg 720w, https:\/\/siby.se\/tweet\/wp-content\/uploads\/2014\/09\/Tjurruset-2014-300x300.jpg 300w\" sizes=\"(max-width: 720px) 100vw, 720px\" \/><\/a><\/p>\n<p>&nbsp;<\/p>\n","protected":false},"excerpt":{"rendered":"<p>idag st\u00e4llde jag mig p\u00e5 v\u00e5gen, -2,3 kg efter 4 veckors tr\u00e4ning. Ett ljus spreds inom mig att jag kan, att det g\u00e5r att jag inte m\u00e5ste acceptera att de d\u00e4r extra kg inte vill f\u00f6rsvinna. Min dr\u00f6m finns d\u00e4r &hellip; <a href=\"https:\/\/siby.se\/tweet\/blog\/2015\/11\/27\/nar-det-ger-resultat\/\">Forts\u00e4tt l\u00e4sa <span class=\"meta-nav\">&rarr;<\/span><\/a><\/p>\n","protected":false},"author":1,"featured_media":0,"comment_status":"open","ping_status":"open","sticky":false,"template":"","format":"standard","meta":[],"categories":[4,3],"tags":[],"_links":{"self":[{"href":"https:\/\/siby.se\/tweet\/wp-json\/wp\/v2\/posts\/935"}],"collection":[{"href":"https:\/\/siby.se\/tweet\/wp-json\/wp\/v2\/posts"}],"about":[{"href":"https:\/\/siby.se\/tweet\/wp-json\/wp\/v2\/types\/post"}],"author":[{"embeddable":true,"href":"https:\/\/siby.se\/tweet\/wp-json\/wp\/v2\/users\/1"}],"replies":[{"embeddable":true,"href":"https:\/\/siby.se\/tweet\/wp-json\/wp\/v2\/comments?post=935"}],"version-history":[{"count":2,"href":"https:\/\/siby.se\/tweet\/wp-json\/wp\/v2\/posts\/935\/revisions"}],"predecessor-version":[{"id":937,"href":"https:\/\/siby.se\/tweet\/wp-json\/wp\/v2\/posts\/935\/revisions\/937"}],"wp:attachment":[{"href":"https:\/\/siby.se\/tweet\/wp-json\/wp\/v2\/media?parent=935"}],"wp:term":[{"taxonomy":"category","embeddable":true,"href":"https:\/\/siby.se\/tweet\/wp-json\/wp\/v2\/categories?post=935"},{"taxonomy":"post_tag","embeddable":true,"href":"https:\/\/siby.se\/tweet\/wp-json\/wp\/v2\/tags?post=935"}],"curies":[{"name":"wp","href":"https:\/\/api.w.org\/{rel}","templated":true}]}}