{"id":938,"date":"2015-11-27T16:13:24","date_gmt":"2015-11-27T16:13:24","guid":{"rendered":"http:\/\/siby.se\/tweet\/?p=938"},"modified":"2015-11-27T16:13:24","modified_gmt":"2015-11-27T16:13:24","slug":"listaaaa","status":"publish","type":"post","link":"https:\/\/siby.se\/tweet\/blog\/2015\/11\/27\/listaaaa\/","title":{"rendered":"Listaaaa"},"content":{"rendered":"<p><strong>1. Du heter: <\/strong>Martina Anna Linnea<\/p>\n<p><strong>2. Smeknamn:<\/strong> Tweet, Tina, Kerstin<\/p>\n<p><strong>3. Beroende av:<\/strong> glass?<\/p>\n<p><a href=\"http:\/\/siby.se\/tweet\/wp-content\/uploads\/2014\/05\/20140515_212419.jpg\"><img loading=\"lazy\" class=\"alignnone size-full wp-image-545\" src=\"http:\/\/siby.se\/tweet\/wp-content\/uploads\/2014\/05\/20140515_212419.jpg\" alt=\"20140515_212419\" width=\"2064\" height=\"1161\" srcset=\"https:\/\/siby.se\/tweet\/wp-content\/uploads\/2014\/05\/20140515_212419.jpg 2064w, https:\/\/siby.se\/tweet\/wp-content\/uploads\/2014\/05\/20140515_212419-300x168.jpg 300w, https:\/\/siby.se\/tweet\/wp-content\/uploads\/2014\/05\/20140515_212419-500x281.jpg 500w\" sizes=\"(max-width: 2064px) 100vw, 2064px\" \/><\/a><\/p>\n<p><strong>4. Vad tror folk om dig?:<\/strong> Allvarlig och o\u00e5tkomlig<\/p>\n<p><strong>5. St\u00e4mmer det?:<\/strong> ibland<\/p>\n<p><strong>6. Vad f\u00e5r du oftast komplimanger f\u00f6r?:<\/strong> att jag \u00e4r en j\u00e4vel p\u00e5 att byta d\u00e4ck, h\u00e4ndig och stark<\/p>\n<p><strong>7. Brukar du skratta f\u00f6r dig sj\u00e4lv?:<\/strong> Oh yes!!<\/p>\n<p><a href=\"http:\/\/siby.se\/tweet\/wp-content\/uploads\/2014\/07\/20140701_224921.jpg\"><img loading=\"lazy\" class=\"alignnone size-full wp-image-617\" src=\"http:\/\/siby.se\/tweet\/wp-content\/uploads\/2014\/07\/20140701_224921.jpg\" alt=\"20140701_224921\" width=\"2064\" height=\"1161\" srcset=\"https:\/\/siby.se\/tweet\/wp-content\/uploads\/2014\/07\/20140701_224921.jpg 2064w, https:\/\/siby.se\/tweet\/wp-content\/uploads\/2014\/07\/20140701_224921-300x168.jpg 300w, https:\/\/siby.se\/tweet\/wp-content\/uploads\/2014\/07\/20140701_224921-500x281.jpg 500w\" sizes=\"(max-width: 2064px) 100vw, 2064px\" \/><\/a><\/p>\n<p><strong>8. Vad st\u00e5r det i ditt senast inkomna SMS?:<\/strong> Tack ska vara d\u00e4r d\u00e5 \ud83d\ude09<\/p>\n<p><strong>9. Vad har du f\u00f6r mobil operat\u00f6r:<\/strong> Comviq<\/p>\n<p><strong>10. \u00c4r du allergisk mot n\u00e5got:<\/strong> Nej<\/p>\n<p><strong>11. Hur svarar du i mobilen:<\/strong> &#8221;Det var martina eller Hej hej<\/p>\n<p><a href=\"http:\/\/siby.se\/tweet\/wp-content\/uploads\/2015\/03\/Caruso-och-Martina.jpg\"><img loading=\"lazy\" class=\"alignnone size-full wp-image-824\" src=\"http:\/\/siby.se\/tweet\/wp-content\/uploads\/2015\/03\/Caruso-och-Martina.jpg\" alt=\"Caruso och Martina\" width=\"720\" height=\"960\" srcset=\"https:\/\/siby.se\/tweet\/wp-content\/uploads\/2015\/03\/Caruso-och-Martina.jpg 720w, https:\/\/siby.se\/tweet\/wp-content\/uploads\/2015\/03\/Caruso-och-Martina-225x300.jpg 225w\" sizes=\"(max-width: 720px) 100vw, 720px\" \/><\/a><\/p>\n<p><strong>12. Vem ringde du senast?:<\/strong> Gustav<\/p>\n<p><strong>13. Antal timmar s\u00f6mn inatt:<\/strong> 7 tim<\/p>\n<p><strong>14. Brukar du komma i tid:<\/strong> ja<\/p>\n<p><strong>15. N\u00e4r m\u00e5r du bra:<\/strong> n\u00e4r jag tr\u00e4nar, rider eller skrattar<\/p>\n<p><a href=\"http:\/\/siby.se\/tweet\/wp-content\/uploads\/2015\/04\/pic20150422194933.jpg\"><img loading=\"lazy\" class=\"alignnone size-full wp-image-844\" src=\"http:\/\/siby.se\/tweet\/wp-content\/uploads\/2015\/04\/pic20150422194933.jpg\" alt=\"pic20150422194933\" width=\"2765\" height=\"2765\" srcset=\"https:\/\/siby.se\/tweet\/wp-content\/uploads\/2015\/04\/pic20150422194933.jpg 2765w, https:\/\/siby.se\/tweet\/wp-content\/uploads\/2015\/04\/pic20150422194933-300x300.jpg 300w\" sizes=\"(max-width: 2765px) 100vw, 2765px\" \/><\/a><\/p>\n<p><strong>16. Vad saknar du:<\/strong> v\u00e5ren<\/p>\n<p><strong>17. Vad anv\u00e4nder du f\u00f6r shampoo?:<\/strong> Schampokaka fr\u00e5n LUSH<\/p>\n<p><strong>18. Hur gammal \u00e4r du:<\/strong> 27<\/p>\n<p><strong>19. Vem ringer du n\u00e4r du \u00e4r arg\/ledsen:<\/strong> Hanna, Gustav eller Sussie<\/p>\n<p><strong>20. Vilken \u00e4r din favoritglass: <\/strong>Alla glass f\u00f6rutom dem med choklad, lakris och sprit i<\/p>\n","protected":false},"excerpt":{"rendered":"<p>1. Du heter: Martina Anna Linnea 2. Smeknamn: Tweet, Tina, Kerstin 3. Beroende av: glass? 4. Vad tror folk om dig?: Allvarlig och o\u00e5tkomlig 5. St\u00e4mmer det?: ibland 6. Vad f\u00e5r du oftast komplimanger f\u00f6r?: att jag \u00e4r en j\u00e4vel &hellip; <a href=\"https:\/\/siby.se\/tweet\/blog\/2015\/11\/27\/listaaaa\/\">Forts\u00e4tt l\u00e4sa <span class=\"meta-nav\">&rarr;<\/span><\/a><\/p>\n","protected":false},"author":1,"featured_media":0,"comment_status":"open","ping_status":"open","sticky":false,"template":"","format":"standard","meta":[],"categories":[3],"tags":[],"_links":{"self":[{"href":"https:\/\/siby.se\/tweet\/wp-json\/wp\/v2\/posts\/938"}],"collection":[{"href":"https:\/\/siby.se\/tweet\/wp-json\/wp\/v2\/posts"}],"about":[{"href":"https:\/\/siby.se\/tweet\/wp-json\/wp\/v2\/types\/post"}],"author":[{"embeddable":true,"href":"https:\/\/siby.se\/tweet\/wp-json\/wp\/v2\/users\/1"}],"replies":[{"embeddable":true,"href":"https:\/\/siby.se\/tweet\/wp-json\/wp\/v2\/comments?post=938"}],"version-history":[{"count":1,"href":"https:\/\/siby.se\/tweet\/wp-json\/wp\/v2\/posts\/938\/revisions"}],"predecessor-version":[{"id":939,"href":"https:\/\/siby.se\/tweet\/wp-json\/wp\/v2\/posts\/938\/revisions\/939"}],"wp:attachment":[{"href":"https:\/\/siby.se\/tweet\/wp-json\/wp\/v2\/media?parent=938"}],"wp:term":[{"taxonomy":"category","embeddable":true,"href":"https:\/\/siby.se\/tweet\/wp-json\/wp\/v2\/categories?post=938"},{"taxonomy":"post_tag","embeddable":true,"href":"https:\/\/siby.se\/tweet\/wp-json\/wp\/v2\/tags?post=938"}],"curies":[{"name":"wp","href":"https:\/\/api.w.org\/{rel}","templated":true}]}}