{"id":94,"date":"2013-06-24T19:37:52","date_gmt":"2013-06-24T19:37:52","guid":{"rendered":"http:\/\/siby.se\/tweet\/?p=94"},"modified":"2013-06-24T19:39:41","modified_gmt":"2013-06-24T19:39:41","slug":"jag-borde-kanske-forklara","status":"publish","type":"post","link":"https:\/\/siby.se\/tweet\/blog\/2013\/06\/24\/jag-borde-kanske-forklara\/","title":{"rendered":"Jag borde kanske f\u00f6rklara?"},"content":{"rendered":"<p>Mitt f\u00f6reg\u00e5ende inl\u00e4gg var en ihopkastad tankeg\u00e5ng om att f\u00f6rs\u00f6ka pr\u00e4nta in i min skalle att jag kr\u00e4ver en utmaning f\u00f6r att ta mig fram\u00e5t. Jag \u00e4r ganska kantig det finna inga runda h\u00f6rn h\u00e4r inte. Utan vill jag n\u00e5got s\u00e5 flyttar jag det som st\u00e5r framf\u00f6r mig. S\u00e5 \u00e4r det i alla fall i min hj\u00e4rna att ingenting \u00e4r om\u00f6jligt. Tyv\u00e4rr \u00e4r verkligheten inte s\u00e5 som min hj\u00e4rna framst\u00e4ller det utan det finns fler motg\u00e5ngar \u00e4n framg\u00e5ngar. Dock \u00e4r det motg\u00e5ngarna som f\u00e5r mig att v\u00e4xa och str\u00e4cka p\u00e5 halsen lite till, att v\u00e4ssa armb\u00e5garna och smida mina planer \u00e4n en g\u00e5ng.<\/p>\n<p>N\u00e5got som jag har i fokus just nu \u00e4r mig sj\u00e4lv och hur sv\u00e5rt jag har att leva med mig sj\u00e4lv. N\u00e4r jag ser mig i spegeln \u00e4r det inte den personen jag k\u00e4nner mig som, jag vet att det handlar om att \u00e4ndra mitt egna beteende vilket \u00e4r det absolut sv\u00e5raste jag gjort. M\u00e5nga t\u00e5rar har nu resulterat i att jag valt att b\u00f6rja springa, inga l\u00e5nga str\u00e4ckor men jag g\u00f6r det och f\u00f6rs\u00f6ker \u00f6vertala min kropp att varje steg \u00e4r lika viktigt som att andas utan detta \u00f6verlever jag inte mig sj\u00e4lv.<\/p>\n<p>Ig\u00e5r h\u00e4nde det, jag kunder fokusera p\u00e5 helt andra grejer \u00e4n att andas och lyfta p\u00e5 f\u00f6tterna. Jag fick n\u00e5gon form av sinnesro och i detta lite konstiga tillst\u00e5nd s\u00e5 \u00f6vertalade jag mig sj\u00e4lv att springa g\u00f6teborgsvarvet?!? 2,1 mil n\u00e4sta \u00e5r i maj, det kallar jag en utmaning jag beh\u00f6ver f\u00f6r att orka med mig sj\u00e4lv.<\/p>\n<p>Det \u00e4r s\u00e5 det ligger till, jag t\u00e4nker tr\u00e4na mig hel.<\/p>\n<p>p.s jag l\u00e4ngtar till min semester, d\u00e5 t\u00e4nker jag kramas med alla mina finaste d.s<\/p>\n","protected":false},"excerpt":{"rendered":"<p>Mitt f\u00f6reg\u00e5ende inl\u00e4gg var en ihopkastad tankeg\u00e5ng om att f\u00f6rs\u00f6ka pr\u00e4nta in i min skalle att jag kr\u00e4ver en utmaning f\u00f6r att ta mig fram\u00e5t. Jag \u00e4r ganska kantig det finna inga runda h\u00f6rn h\u00e4r inte. Utan vill jag n\u00e5got &hellip; <a href=\"https:\/\/siby.se\/tweet\/blog\/2013\/06\/24\/jag-borde-kanske-forklara\/\">Forts\u00e4tt l\u00e4sa <span class=\"meta-nav\">&rarr;<\/span><\/a><\/p>\n","protected":false},"author":1,"featured_media":0,"comment_status":"open","ping_status":"open","sticky":false,"template":"","format":"standard","meta":[],"categories":[3],"tags":[],"_links":{"self":[{"href":"https:\/\/siby.se\/tweet\/wp-json\/wp\/v2\/posts\/94"}],"collection":[{"href":"https:\/\/siby.se\/tweet\/wp-json\/wp\/v2\/posts"}],"about":[{"href":"https:\/\/siby.se\/tweet\/wp-json\/wp\/v2\/types\/post"}],"author":[{"embeddable":true,"href":"https:\/\/siby.se\/tweet\/wp-json\/wp\/v2\/users\/1"}],"replies":[{"embeddable":true,"href":"https:\/\/siby.se\/tweet\/wp-json\/wp\/v2\/comments?post=94"}],"version-history":[{"count":5,"href":"https:\/\/siby.se\/tweet\/wp-json\/wp\/v2\/posts\/94\/revisions"}],"predecessor-version":[{"id":99,"href":"https:\/\/siby.se\/tweet\/wp-json\/wp\/v2\/posts\/94\/revisions\/99"}],"wp:attachment":[{"href":"https:\/\/siby.se\/tweet\/wp-json\/wp\/v2\/media?parent=94"}],"wp:term":[{"taxonomy":"category","embeddable":true,"href":"https:\/\/siby.se\/tweet\/wp-json\/wp\/v2\/categories?post=94"},{"taxonomy":"post_tag","embeddable":true,"href":"https:\/\/siby.se\/tweet\/wp-json\/wp\/v2\/tags?post=94"}],"curies":[{"name":"wp","href":"https:\/\/api.w.org\/{rel}","templated":true}]}}