{"id":941,"date":"2015-12-21T15:28:41","date_gmt":"2015-12-21T15:28:41","guid":{"rendered":"http:\/\/siby.se\/tweet\/?p=941"},"modified":"2015-12-21T15:29:55","modified_gmt":"2015-12-21T15:29:55","slug":"arssammanfattning-2015","status":"publish","type":"post","link":"https:\/\/siby.se\/tweet\/blog\/2015\/12\/21\/arssammanfattning-2015\/","title":{"rendered":"\u00c5rssammanfattning 2015"},"content":{"rendered":"<p><strong>Gjorde du n\u00e5got 2015 som du aldrig gjort f\u00f6rut? <\/strong>Jag sprang tv\u00e5 nya lopp, midnattsloppet och Bolln\u00e4s trailrace, jag blev p\u00e5 riktigt bil\u00e4gare och skaffade min f\u00f6rsta bilf\u00f6rs\u00e4krning och gick p\u00e5 festival<\/p>\n<p><strong>Genomdrev du n\u00e5gon stor f\u00f6r\u00e4ndring? <\/strong>Nej i\u00e5r blev det ett mellan \u00e5r, 2015<\/p>\n<p><strong>Blev n\u00e5gon\/n\u00e5gra av dina v\u00e4nner f\u00f6r\u00e4ldrar i \u00e5r?<\/strong> Nej inte i\u00e5r men flera bekanta runt omkring blev f\u00f6r\u00e4ldrar<\/p>\n<p><strong>Vilket datum fr\u00e5n \u00e5r 2015 kommer du alltid att minnas? <\/strong>Den 14 mars, fick m\u00f6jligheten att prova p\u00e5 team chasing med Caruso men det som f\u00e5r mig att komma ih\u00e5g dagen \u00e4r den sv\u00e5rtlastade h\u00e4sten vi k\u00e4mpade med i 2 timmar<\/p>\n<p><strong>Dog n\u00e5gon som stod dig n\u00e4ra? <\/strong>Nej och det \u00e4r jag otroligt tacksam f\u00f6r<\/p>\n<p><strong>Vilka l\u00e4nder bes\u00f6kte du? <\/strong>Inga speciella utflykter i\u00e5r<\/p>\n<p><strong>B\u00e4sta k\u00f6pet? <\/strong>Kan inte s\u00e4tta fingret p\u00e5 n\u00e5got speciellt k\u00f6p som var b\u00e4st<\/p>\n<p><strong>Gjorde n\u00e5gonting dig riktigt glad? <\/strong>Allts\u00e5 f\u00f6rl\u00e5t men jag h\u00e5ller p\u00e5 den f\u00f6r jag kan inte peka ut n\u00e5got specifikt<\/p>\n<p><strong>Saknar du n\u00e5got under \u00e5r 2015 som du vill ha \u00e5r 2016? <\/strong>K\u00e4nslan att k\u00e4nna sig frisk, slippa k\u00e4nna sig snuvig och lite raspig i halsen. Inte m\u00e5nga dagar som jag k\u00e4nnt mig 100%igt p\u00e5 topp.<\/p>\n<p><strong>Vad \u00f6nskar du att du gjort mer? <\/strong>L\u00e4st mer b\u00f6cker, fotograferat och kramats<\/p>\n<p><strong>Vad \u00f6nskar du att du gjort mindre? <\/strong>Stressat, surat och funderat p\u00e5 on\u00f6diga saker<\/p>\n<p><strong>Favoritprogram p\u00e5 TV? <\/strong>ser alldeles f\u00f6r lite p\u00e5 tv f\u00f6r att lyckas f\u00f6lja en serie..<\/p>\n<p><strong>B\u00e4sta boken du l\u00e4ste i \u00e5r? <\/strong>Sylvia Day, l\u00e4ttsamt och roande<\/p>\n<p><strong>St\u00f6rsta musikaliska uppt\u00e4ckten? <\/strong>Jag tror min spellista har fyllts p\u00e5 med fler nya l\u00e5tar \u00e4n n\u00e5got annat \u00e5r, f\u00f6rutom d\u00e5 jag skaffade spotify, innan vi faller med jocke berg och lisa nilsson \u00e4r en favorit .<\/p>\n<p><strong>Vad var din st\u00f6rsta framg\u00e5ng p\u00e5 jobbet 2015? <\/strong>Att jag satt mig i b\u00e5ten och lyckas styra in p\u00e5 v\u00e4gar som gynnar mig och jobber<\/p>\n<p><strong>St\u00f6rsta framg\u00e5ng p\u00e5 det privata planet? <\/strong>Jag betade av \u00e5ret, gr\u00e4t inte allt f\u00f6r mycket och var inte allt f\u00f6r kritisk mot mig sj\u00e4lv<\/p>\n<p><strong>St\u00f6rsta misstaget? <\/strong>Pratade alldeles f\u00f6r lite, delade f\u00f6r lite av mina tanker.<\/p>\n<p><strong>Var du gladare eller ledsnare i \u00e5r j\u00e4mf\u00f6rt med tidigare \u00e5r? <\/strong>gladare helt klart<\/p>\n<p><strong>Vad spenderade du mest pengar p\u00e5? <\/strong>bilen&#8230;<\/p>\n<p><strong>N\u00e5got du \u00f6nskade dig och fick? <\/strong>jag inv\u00e4ntar julen s\u00e5 f\u00e5r vi se \ud83d\ude09<\/p>\n<p><strong>N\u00e5got du \u00f6nskade dig och inte fick? <\/strong>en ny bil, pengar som sparats gick till andra h\u00e5l som var tvugna att fyllas<\/p>\n<p><strong>Vad gjorde du p\u00e5 din f\u00f6delsedag 2015? <\/strong>Hade kak-kalas med n\u00e4ra och k\u00e4ra<\/p>\n<p><strong>Finns det n\u00e5gonting som skulle gjort ditt \u00e5r \u00e4nnu b\u00e4ttre? <\/strong>Andats mer och inte brytt mig s\u00e5 mycket<\/p>\n<p><strong>Vad fick dig att m\u00e5 bra? <\/strong>Styrketr\u00e4ning, k\u00e4nna sig stark. \u00d6vertr\u00e4ffar just nu l\u00f6pningen<\/p>\n<p><strong>Vem saknade du? <\/strong>Louise, mer s\u00e4ger jag inte<\/p>\n<p><strong>De b\u00e4sta nya m\u00e4nniskorna du tr\u00e4ffade?<\/strong> Jag har f\u00e5tt l\u00e4ra k\u00e4nna en v\u00e4ldigt energisk och glad tjej p\u00e5 jobbet, hon \u00e4r nog det s\u00f6taste jag tr\u00e4ffat<\/p>\n<p><strong>Mest stolt \u00f6ver? <\/strong>Att jag v\u00e5gar dr\u00f6mma om min framtid och att jag har ett stort hj\u00e4rta<\/p>\n<p><strong>H\u00f6gsta \u00f6nskan just nu? <\/strong>Att Gustav och jag hittar ett gemensamt boende d\u00e4r vi f\u00e5r bygga gemensamma dr\u00f6mmar.<\/p>\n<p><strong>Vad t\u00e4nker du g\u00f6ra annorlunda n\u00e4sta \u00e5r? <\/strong>Andas, meditera, kramas och skratta mer OCH skriva dagbok<\/p>\n","protected":false},"excerpt":{"rendered":"<p>Gjorde du n\u00e5got 2015 som du aldrig gjort f\u00f6rut? Jag sprang tv\u00e5 nya lopp, midnattsloppet och Bolln\u00e4s trailrace, jag blev p\u00e5 riktigt bil\u00e4gare och skaffade min f\u00f6rsta bilf\u00f6rs\u00e4krning och gick p\u00e5 festival Genomdrev du n\u00e5gon stor f\u00f6r\u00e4ndring? Nej i\u00e5r blev &hellip; <a href=\"https:\/\/siby.se\/tweet\/blog\/2015\/12\/21\/arssammanfattning-2015\/\">Forts\u00e4tt l\u00e4sa <span class=\"meta-nav\">&rarr;<\/span><\/a><\/p>\n","protected":false},"author":1,"featured_media":0,"comment_status":"open","ping_status":"open","sticky":false,"template":"","format":"standard","meta":[],"categories":[3],"tags":[],"_links":{"self":[{"href":"https:\/\/siby.se\/tweet\/wp-json\/wp\/v2\/posts\/941"}],"collection":[{"href":"https:\/\/siby.se\/tweet\/wp-json\/wp\/v2\/posts"}],"about":[{"href":"https:\/\/siby.se\/tweet\/wp-json\/wp\/v2\/types\/post"}],"author":[{"embeddable":true,"href":"https:\/\/siby.se\/tweet\/wp-json\/wp\/v2\/users\/1"}],"replies":[{"embeddable":true,"href":"https:\/\/siby.se\/tweet\/wp-json\/wp\/v2\/comments?post=941"}],"version-history":[{"count":2,"href":"https:\/\/siby.se\/tweet\/wp-json\/wp\/v2\/posts\/941\/revisions"}],"predecessor-version":[{"id":943,"href":"https:\/\/siby.se\/tweet\/wp-json\/wp\/v2\/posts\/941\/revisions\/943"}],"wp:attachment":[{"href":"https:\/\/siby.se\/tweet\/wp-json\/wp\/v2\/media?parent=941"}],"wp:term":[{"taxonomy":"category","embeddable":true,"href":"https:\/\/siby.se\/tweet\/wp-json\/wp\/v2\/categories?post=941"},{"taxonomy":"post_tag","embeddable":true,"href":"https:\/\/siby.se\/tweet\/wp-json\/wp\/v2\/tags?post=941"}],"curies":[{"name":"wp","href":"https:\/\/api.w.org\/{rel}","templated":true}]}}