{"id":945,"date":"2015-12-29T21:02:50","date_gmt":"2015-12-29T21:02:50","guid":{"rendered":"http:\/\/siby.se\/tweet\/?p=945"},"modified":"2015-12-29T21:02:50","modified_gmt":"2015-12-29T21:02:50","slug":"gott-nytt-ar-vad-ar-mina-loften-for-2016","status":"publish","type":"post","link":"https:\/\/siby.se\/tweet\/blog\/2015\/12\/29\/gott-nytt-ar-vad-ar-mina-loften-for-2016\/","title":{"rendered":"Gott Nytt \u00c5r, vad \u00e4r mina l\u00f6ften f\u00f6r 2016?"},"content":{"rendered":"<p>Jag t\u00e4nker p\u00e5 3 saker som jag kommer att ge l\u00f6fte om inf\u00f6r 2016; vara sn\u00e4llare mot mig sj\u00e4lv, sova b\u00e4ttre och tr\u00e4na med regelbundet.<\/p>\n<p><strong>1. Vara sn\u00e4llare mot mig sj\u00e4lv<\/strong><br \/>\nJag ska se p\u00e5 mig sj\u00e4lv med sn\u00e4llare \u00f6gon, inte banna mig i tid och otid,\u00a0inte kr\u00e4va perfektionism\u00a0att jag ska vara\u00a0v\u00e4nligare mot mig sj\u00e4lv. Genom att vara det\u00a0kommer det blir l\u00e4ttare att f\u00e5 det som jag vill. Jag ska sluta se p\u00e5 framf\u00f6r allt min kropp som en sladdrig heffaklump. Klappa mig sj\u00e4lv p\u00e5 axeln och njuta \u00f6ver det jag kommer att klara av under 2016<\/p>\n<p><strong>2. Sova b\u00e4ttre<\/strong><br \/>\nSluta tumma p\u00e5 min s\u00f6mn, l\u00e5ta mig sova mina 8 timmar, sluta sk\u00e4mmas \u00f6ver behovet av att sova.<\/p>\n<p><strong>3. Tr\u00e4na regelbundet<\/strong><br \/>\nJag ska l\u00e5sa in mitt d\u00e5liga samvete som f\u00e5r mig att tr\u00e4na som en galning i perioder som ger perioder av v\u00e4ldigt lite tr\u00e4ning pga att jag ledsnat. Jag lovar mig dyrt och heligt att 2016 ska bli rutinens \u00e5r och att mitt d\u00e5liga samvete ska f\u00f6rsvinna.<\/p>\n<p>vad kommer dina l\u00f6ften att handla om?<\/p>\n","protected":false},"excerpt":{"rendered":"<p>Jag t\u00e4nker p\u00e5 3 saker som jag kommer att ge l\u00f6fte om inf\u00f6r 2016; vara sn\u00e4llare mot mig sj\u00e4lv, sova b\u00e4ttre och tr\u00e4na med regelbundet. 1. Vara sn\u00e4llare mot mig sj\u00e4lv Jag ska se p\u00e5 mig sj\u00e4lv med sn\u00e4llare \u00f6gon, &hellip; <a href=\"https:\/\/siby.se\/tweet\/blog\/2015\/12\/29\/gott-nytt-ar-vad-ar-mina-loften-for-2016\/\">Forts\u00e4tt l\u00e4sa <span class=\"meta-nav\">&rarr;<\/span><\/a><\/p>\n","protected":false},"author":1,"featured_media":0,"comment_status":"open","ping_status":"open","sticky":false,"template":"","format":"standard","meta":[],"categories":[3],"tags":[],"_links":{"self":[{"href":"https:\/\/siby.se\/tweet\/wp-json\/wp\/v2\/posts\/945"}],"collection":[{"href":"https:\/\/siby.se\/tweet\/wp-json\/wp\/v2\/posts"}],"about":[{"href":"https:\/\/siby.se\/tweet\/wp-json\/wp\/v2\/types\/post"}],"author":[{"embeddable":true,"href":"https:\/\/siby.se\/tweet\/wp-json\/wp\/v2\/users\/1"}],"replies":[{"embeddable":true,"href":"https:\/\/siby.se\/tweet\/wp-json\/wp\/v2\/comments?post=945"}],"version-history":[{"count":1,"href":"https:\/\/siby.se\/tweet\/wp-json\/wp\/v2\/posts\/945\/revisions"}],"predecessor-version":[{"id":946,"href":"https:\/\/siby.se\/tweet\/wp-json\/wp\/v2\/posts\/945\/revisions\/946"}],"wp:attachment":[{"href":"https:\/\/siby.se\/tweet\/wp-json\/wp\/v2\/media?parent=945"}],"wp:term":[{"taxonomy":"category","embeddable":true,"href":"https:\/\/siby.se\/tweet\/wp-json\/wp\/v2\/categories?post=945"},{"taxonomy":"post_tag","embeddable":true,"href":"https:\/\/siby.se\/tweet\/wp-json\/wp\/v2\/tags?post=945"}],"curies":[{"name":"wp","href":"https:\/\/api.w.org\/{rel}","templated":true}]}}