{"id":979,"date":"2016-05-18T15:11:57","date_gmt":"2016-05-18T15:11:57","guid":{"rendered":"http:\/\/siby.se\/tweet\/?p=979"},"modified":"2016-05-18T15:11:57","modified_gmt":"2016-05-18T15:11:57","slug":"arets-andra-lopp-avklarat-trailvarvet-2016","status":"publish","type":"post","link":"https:\/\/siby.se\/tweet\/blog\/2016\/05\/18\/arets-andra-lopp-avklarat-trailvarvet-2016\/","title":{"rendered":"\u00c5rets andra lopp avklarat &#8211; Trailvarvet 2016"},"content":{"rendered":"<p>S\u00e5 h\u00e4r dagen efter Trailvarvet k\u00e4nns kroppen helt okej, lite stel men inget ont. S\u00e5 d\u00e4r ont s\u00e5 man ska fundera p\u00e5 om n\u00e5got g\u00e5tt s\u00f6nder i kroppen. Var lite r\u00e4dd f\u00f6r att v\u00e4nstra skinkan skulle g\u00f6ra sig p\u00e5mind men den h\u00f6ll sig i schack och visade sig sin b\u00e4sta sida.<\/p>\n<p>Jag kan verkligen rekommendera det h\u00e4r loppet, jag har testat n\u00e5gra traillopp och detta var verkligen lagom, en hel del uppf\u00f6r men i lagom dos s\u00e5 att det faktiskt fanns en chans att klara av det. Tog rygg p\u00e5 en tjej som verkade ha koll och sprang de f\u00f6rsta 6\u00a0km bakom henne d\u00e4refter k\u00e4nde jag att jag hade med att ge och testade att g\u00e5 om och fortsatte i ett lite h\u00f6gre tempo.<\/p>\n<p>V\u00e4l uppe p\u00e5 h\u00f6gsta punkten klappade jag mig sj\u00e4lv p\u00e5 axeln och kunde njuta p\u00e5 v\u00e4gen ner, det \u00e4r lycka det \ud83d\ude00<\/p>\n<p>Jag kom i m\u00e5l p\u00e5 1.04.15 och det k\u00e4nner jag att jag m\u00e5ste vara n\u00f6jd med. Blev placerad som 154 i damklassen och 453 totalt. Som det k\u00e4nns nu kommer jag nog att springa n\u00e4sta \u00e5r igen<\/p>\n<p>&nbsp;<\/p>\n","protected":false},"excerpt":{"rendered":"<p>S\u00e5 h\u00e4r dagen efter Trailvarvet k\u00e4nns kroppen helt okej, lite stel men inget ont. S\u00e5 d\u00e4r ont s\u00e5 man ska fundera p\u00e5 om n\u00e5got g\u00e5tt s\u00f6nder i kroppen. Var lite r\u00e4dd f\u00f6r att v\u00e4nstra skinkan skulle g\u00f6ra sig p\u00e5mind men &hellip; <a href=\"https:\/\/siby.se\/tweet\/blog\/2016\/05\/18\/arets-andra-lopp-avklarat-trailvarvet-2016\/\">Forts\u00e4tt l\u00e4sa <span class=\"meta-nav\">&rarr;<\/span><\/a><\/p>\n","protected":false},"author":1,"featured_media":0,"comment_status":"open","ping_status":"open","sticky":false,"template":"","format":"standard","meta":[],"categories":[3],"tags":[],"_links":{"self":[{"href":"https:\/\/siby.se\/tweet\/wp-json\/wp\/v2\/posts\/979"}],"collection":[{"href":"https:\/\/siby.se\/tweet\/wp-json\/wp\/v2\/posts"}],"about":[{"href":"https:\/\/siby.se\/tweet\/wp-json\/wp\/v2\/types\/post"}],"author":[{"embeddable":true,"href":"https:\/\/siby.se\/tweet\/wp-json\/wp\/v2\/users\/1"}],"replies":[{"embeddable":true,"href":"https:\/\/siby.se\/tweet\/wp-json\/wp\/v2\/comments?post=979"}],"version-history":[{"count":1,"href":"https:\/\/siby.se\/tweet\/wp-json\/wp\/v2\/posts\/979\/revisions"}],"predecessor-version":[{"id":980,"href":"https:\/\/siby.se\/tweet\/wp-json\/wp\/v2\/posts\/979\/revisions\/980"}],"wp:attachment":[{"href":"https:\/\/siby.se\/tweet\/wp-json\/wp\/v2\/media?parent=979"}],"wp:term":[{"taxonomy":"category","embeddable":true,"href":"https:\/\/siby.se\/tweet\/wp-json\/wp\/v2\/categories?post=979"},{"taxonomy":"post_tag","embeddable":true,"href":"https:\/\/siby.se\/tweet\/wp-json\/wp\/v2\/tags?post=979"}],"curies":[{"name":"wp","href":"https:\/\/api.w.org\/{rel}","templated":true}]}}