{"id":982,"date":"2016-05-27T09:26:52","date_gmt":"2016-05-27T09:26:52","guid":{"rendered":"http:\/\/siby.se\/tweet\/?p=982"},"modified":"2016-05-27T10:15:23","modified_gmt":"2016-05-27T10:15:23","slug":"steg-1-mina-tankar-om-garderoben","status":"publish","type":"post","link":"https:\/\/siby.se\/tweet\/blog\/2016\/05\/27\/steg-1-mina-tankar-om-garderoben\/","title":{"rendered":"Steg 1 &#038; 2 Mina tankar om Garderoben"},"content":{"rendered":"<p>Jag har anm\u00e4lt mig till en kurs som ska hj\u00e4lpa mig att aktivera min garderob. Det \u00e4r via ett samarbete med Emma Enebog, h\u00e5llbarhetsansvarig p\u00e5 Myrorna och\u00a0Anna Lidstr\u00f6m, designer och stylist som driver f\u00f6retaget Another Studio samt bloggen och Instagram-kontot anotherblog.se.<\/p>\n<p>Det \u00e4r verkligen super kul och jag kommer printa ut mailen som man f\u00e5r med dagens uppdrag m.m f\u00f6r att g\u00e5 tillbaka till dem och g\u00f6r det om och om igen tills jag k\u00e4nner att ja hittat r\u00e4tt och garderoben inte hoppar ut p\u00e5 min n\u00e4r jag \u00f6ppnar d\u00f6rren&#8230;<\/p>\n<p>Uppdrag 1. Var att skriva om mina k\u00e4nslor \u00f6ver garderoben och s\u00e5 h\u00e4r vart det (l\u00e4s nedan)<\/p>\n<ul>\n<li>Jag anv\u00e4nder vissa kl\u00e4der mer \u00e4n andra till exempel mina m\u00f6rkbl\u00e5a jeans fr\u00e5n H&amp;M, n\u00e5gra utav Lolakl\u00e4nningarna medan andra anv\u00e4nds mindre. Jag upplever att det \u00e4r sv\u00e5rt att f\u00e5 till en outfit d\u00e4r allt ska passa ihop. Jag kan ta p\u00e5 mig plaggen och sen \u00e4ndra mig h\u00e4nga tillbaka dem, tappar tron p\u00e5 att det kommer att fungera&#8230; Jag tror att jag anv\u00e4nder ca 1\/3 utav kl\u00e4derna kontinuerligt. Borde jag s\u00e4lja d\u00e5? Svaret \u00e4r rungande JA! Varf\u00f6r smyger sig k\u00e4nslan om att jag inte har n\u00e5got att ta p\u00e5 mig?<br \/>\nP\u00e5 jobbet har jag egna kl\u00e4der och det g\u00f6r att tiden att anv\u00e4nda mina privata plagg blir mindre. Vilket jag tycker\u00a0\u00e4r trist men\u00a0de h\u00e5ller l\u00e4ngre och det \u00e4r ju bra. Det kommer in fler plagg \u00e4n det g\u00e5r ut, jag borde ha filosofin att ett plagg in betyder ett plagg ut. Imorgon ska jag \u00f6ppna garderoben och kika in &#8221;med nya \u00f6gon&#8221; undrar hur det ska g\u00e5<\/li>\n<\/ul>\n<p>Jag har f\u00f6resten skapat ett konto p\u00e5 Pinterest och gjort mig ett <a href=\"https:\/\/se.pinterest.com\/martinasiby\/\">kollage\u00a0<\/a>det ska hj\u00e4lpa mig att finna en r\u00f6dtr\u00e5d i min egna stil och det \u00e4r min plan n\u00e4r f\u00f6rsta rensningen kommer att vara h\u00e5rd mot mig sj\u00e4lv inga plagg ska vara kvar f\u00f6r att de g\u00f6r min sentimental&#8230;<\/p>\n<p><img loading=\"lazy\" class=\"alignnone size-full wp-image-121\" src=\"http:\/\/siby.se\/tweet\/wp-content\/uploads\/2013\/07\/WP_000593.jpg\" alt=\"WP_000593\" width=\"1224\" height=\"1632\" srcset=\"https:\/\/siby.se\/tweet\/wp-content\/uploads\/2013\/07\/WP_000593.jpg 1224w, https:\/\/siby.se\/tweet\/wp-content\/uploads\/2013\/07\/WP_000593-225x300.jpg 225w\" sizes=\"(max-width: 1224px) 100vw, 1224px\" \/><\/p>\n","protected":false},"excerpt":{"rendered":"<p>Jag har anm\u00e4lt mig till en kurs som ska hj\u00e4lpa mig att aktivera min garderob. Det \u00e4r via ett samarbete med Emma Enebog, h\u00e5llbarhetsansvarig p\u00e5 Myrorna och\u00a0Anna Lidstr\u00f6m, designer och stylist som driver f\u00f6retaget Another Studio samt bloggen och Instagram-kontot &hellip; <a href=\"https:\/\/siby.se\/tweet\/blog\/2016\/05\/27\/steg-1-mina-tankar-om-garderoben\/\">Forts\u00e4tt l\u00e4sa <span class=\"meta-nav\">&rarr;<\/span><\/a><\/p>\n","protected":false},"author":1,"featured_media":0,"comment_status":"open","ping_status":"open","sticky":false,"template":"","format":"standard","meta":[],"categories":[13],"tags":[],"_links":{"self":[{"href":"https:\/\/siby.se\/tweet\/wp-json\/wp\/v2\/posts\/982"}],"collection":[{"href":"https:\/\/siby.se\/tweet\/wp-json\/wp\/v2\/posts"}],"about":[{"href":"https:\/\/siby.se\/tweet\/wp-json\/wp\/v2\/types\/post"}],"author":[{"embeddable":true,"href":"https:\/\/siby.se\/tweet\/wp-json\/wp\/v2\/users\/1"}],"replies":[{"embeddable":true,"href":"https:\/\/siby.se\/tweet\/wp-json\/wp\/v2\/comments?post=982"}],"version-history":[{"count":4,"href":"https:\/\/siby.se\/tweet\/wp-json\/wp\/v2\/posts\/982\/revisions"}],"predecessor-version":[{"id":987,"href":"https:\/\/siby.se\/tweet\/wp-json\/wp\/v2\/posts\/982\/revisions\/987"}],"wp:attachment":[{"href":"https:\/\/siby.se\/tweet\/wp-json\/wp\/v2\/media?parent=982"}],"wp:term":[{"taxonomy":"category","embeddable":true,"href":"https:\/\/siby.se\/tweet\/wp-json\/wp\/v2\/categories?post=982"},{"taxonomy":"post_tag","embeddable":true,"href":"https:\/\/siby.se\/tweet\/wp-json\/wp\/v2\/tags?post=982"}],"curies":[{"name":"wp","href":"https:\/\/api.w.org\/{rel}","templated":true}]}}