{"id":990,"date":"2016-06-01T09:14:31","date_gmt":"2016-06-01T09:14:31","guid":{"rendered":"http:\/\/siby.se\/tweet\/?p=990"},"modified":"2016-06-01T09:17:04","modified_gmt":"2016-06-01T09:17:04","slug":"garderoben-456-och-7","status":"publish","type":"post","link":"https:\/\/siby.se\/tweet\/blog\/2016\/06\/01\/garderoben-456-och-7\/","title":{"rendered":"Garderoben 4,5,6 och 7"},"content":{"rendered":"<p>Uppdrag <strong>4<\/strong>,<strong>5<\/strong>,<strong>6<\/strong> och <strong>7<\/strong> gjordes lite i samma veva men jag ska kort beskriva vad de gick ut p\u00e5, har inte hunnit landa s\u00e5 mycket i hur det blivit d\u00e5 andra saker hamnat emellan men ikv\u00e4ll har jag bara en cykeltur planerad\u00a0och det blir inte f\u00f6rr\u00e4n senare\u00a0p\u00e5 kv\u00e4llen vilket g\u00f6r att jag har n\u00e5gon timme att insupa hur garderoben blev.<\/p>\n<p><strong>Punkt 4<\/strong> p\u00e5 listan handlade om att f\u00f6rvara kl\u00e4derna p\u00e5 ett smart s\u00e4tt, plockade ut alla h\u00f6st\/vinter kl\u00e4der och la ner dem i en resv\u00e4ska som jag m\u00e4rkte med h\u00f6st\/vinter. Nu ska jag bara ta hand om vinterjackorna som fortfarande h\u00e4nger kvar&#8230; f\u00e5r \u00e5ka och k\u00f6pa vaccump\u00e5sar att f\u00f6rvara dem i, s\u00e5 de tar s\u00e5 lite plats som m\u00f6jligt.<\/p>\n<p><strong>Punkt 5<\/strong> behandlade hur jag ska t\u00e4nka med kl\u00e4derna som jag inte vill ha kvar,<\/p>\n<blockquote><p>att sl\u00e4nga kl\u00e4derna i sopan = att br\u00e4nna upp resurser<\/p><\/blockquote>\n<p>S\u00e5 jag packade de kl\u00e4der som jag inte k\u00e4nde att jag kunde s\u00e4lja i p\u00e5sar och lastade in dem i bakluckan f\u00f6r att sk\u00e4nka dem. Dock st\u00e5r de kvar d\u00e4r \u00e4n men ikv\u00e4ll kanske jag kommer ih\u00e5g att l\u00e4mna in dem och helt pl\u00f6tsligt halkade jag in p\u00e5\u00a0<strong>Punkt nummer 6\u00a0<\/strong>som handlade om vilka val du har med dina plagg som du vill ha bort, ge bort, s\u00e4lja eller \u00e5tervinna?<\/p>\n<p>Nu till <strong>punkt 7<\/strong>\u00a0som jag planerar att genomf\u00f6ra ikv\u00e4ll, \u00f6ppna den utrensade garderoben och fundera \u00f6ver eventuella kompletteringar men med ett h\u00e5llbart t\u00e4nk. Utnyttja s\u00e4ljsidor, byta kl\u00e4der eller l\u00e5na. H\u00e4r kommer jag att misslyckas flera g\u00e5nger om eftersom jag ska f\u00f6r\u00e4ndra ett djupt rotat beteende. Har aldrig handlat ett kl\u00e4desplagg i en secondhandbutik. Det kryper i kroppen n\u00e4r jag t\u00e4nker p\u00e5 det, det kan dofta lite unket och gammalt men det \u00e4r nog det som \u00e4r fint att jag tar ett plagg och l\u00e5ter det leva lite till. Garderoben ska vara levande, f\u00f6r\u00e4ndras, f\u00f6rnyas och f\u00f6rvaltas. En lista ska jag uppr\u00e4tta om plagg som jag saknar och d\u00e4rfter fundera \u00f6ver om g\u00e5r att hitta dem p\u00e5 andra h\u00e5ll \u00e4n som en nyproducerat plagg. Det handlar om att bromsa impulsk\u00f6pen utan t\u00e4nka en g\u00e5ng till.<\/p>\n<p><img loading=\"lazy\" class=\"alignnone size-full wp-image-82\" src=\"http:\/\/siby.se\/tweet\/wp-content\/uploads\/2013\/06\/IMG_8568-Kopia.jpg\" alt=\"IMG_8568 - Kopia\" width=\"1709\" height=\"1139\" srcset=\"https:\/\/siby.se\/tweet\/wp-content\/uploads\/2013\/06\/IMG_8568-Kopia.jpg 1709w, https:\/\/siby.se\/tweet\/wp-content\/uploads\/2013\/06\/IMG_8568-Kopia-300x199.jpg 300w, https:\/\/siby.se\/tweet\/wp-content\/uploads\/2013\/06\/IMG_8568-Kopia-450x300.jpg 450w\" sizes=\"(max-width: 1709px) 100vw, 1709px\" \/><\/p>\n","protected":false},"excerpt":{"rendered":"<p>Uppdrag 4,5,6 och 7 gjordes lite i samma veva men jag ska kort beskriva vad de gick ut p\u00e5, har inte hunnit landa s\u00e5 mycket i hur det blivit d\u00e5 andra saker hamnat emellan men ikv\u00e4ll har jag bara en &hellip; <a href=\"https:\/\/siby.se\/tweet\/blog\/2016\/06\/01\/garderoben-456-och-7\/\">Forts\u00e4tt l\u00e4sa <span class=\"meta-nav\">&rarr;<\/span><\/a><\/p>\n","protected":false},"author":1,"featured_media":0,"comment_status":"open","ping_status":"open","sticky":false,"template":"","format":"standard","meta":[],"categories":[13],"tags":[],"_links":{"self":[{"href":"https:\/\/siby.se\/tweet\/wp-json\/wp\/v2\/posts\/990"}],"collection":[{"href":"https:\/\/siby.se\/tweet\/wp-json\/wp\/v2\/posts"}],"about":[{"href":"https:\/\/siby.se\/tweet\/wp-json\/wp\/v2\/types\/post"}],"author":[{"embeddable":true,"href":"https:\/\/siby.se\/tweet\/wp-json\/wp\/v2\/users\/1"}],"replies":[{"embeddable":true,"href":"https:\/\/siby.se\/tweet\/wp-json\/wp\/v2\/comments?post=990"}],"version-history":[{"count":3,"href":"https:\/\/siby.se\/tweet\/wp-json\/wp\/v2\/posts\/990\/revisions"}],"predecessor-version":[{"id":993,"href":"https:\/\/siby.se\/tweet\/wp-json\/wp\/v2\/posts\/990\/revisions\/993"}],"wp:attachment":[{"href":"https:\/\/siby.se\/tweet\/wp-json\/wp\/v2\/media?parent=990"}],"wp:term":[{"taxonomy":"category","embeddable":true,"href":"https:\/\/siby.se\/tweet\/wp-json\/wp\/v2\/categories?post=990"},{"taxonomy":"post_tag","embeddable":true,"href":"https:\/\/siby.se\/tweet\/wp-json\/wp\/v2\/tags?post=990"}],"curies":[{"name":"wp","href":"https:\/\/api.w.org\/{rel}","templated":true}]}}