{"id":995,"date":"2016-06-04T20:48:55","date_gmt":"2016-06-04T20:48:55","guid":{"rendered":"http:\/\/siby.se\/tweet\/?p=995"},"modified":"2016-06-04T20:48:55","modified_gmt":"2016-06-04T20:48:55","slug":"bracklig-pa-insidan","status":"publish","type":"post","link":"https:\/\/siby.se\/tweet\/blog\/2016\/06\/04\/bracklig-pa-insidan\/","title":{"rendered":"Br\u00e4cklig p\u00e5 insidan"},"content":{"rendered":"<p><img loading=\"lazy\" class=\"alignnone size-full wp-image-996\" src=\"http:\/\/siby.se\/tweet\/wp-content\/uploads\/2016\/06\/image.jpeg\" alt=\"image\" width=\"1280\" height=\"960\" srcset=\"https:\/\/siby.se\/tweet\/wp-content\/uploads\/2016\/06\/image.jpeg 1280w, https:\/\/siby.se\/tweet\/wp-content\/uploads\/2016\/06\/image-300x225.jpeg 300w, https:\/\/siby.se\/tweet\/wp-content\/uploads\/2016\/06\/image-768x576.jpeg 768w, https:\/\/siby.se\/tweet\/wp-content\/uploads\/2016\/06\/image-400x300.jpeg 400w\" sizes=\"(max-width: 1280px) 100vw, 1280px\" \/><\/p>\n<p>Inom mig p\u00e5g\u00e5r en daglig kamp om att \u00f6vervinna mitt egna br\u00e4ckliga sj\u00e4lvf\u00f6rtroende. Luften g\u00e5r ur mig, jag avsk\u00e4rma mitt sinne, flyter ut i kanterna och l\u00e4mnar sammanhanget ensamt.<\/p>\n<p>Mitt v\u00e4sen letar efter sk\u00f6nheten i det dolda fast att det finns inom mig. Jag vet vad jag borde t\u00e4nka men murarna raseras och jag blottas.<\/p>\n<p>Jag vill ge dig min rikedom, jag vill \u00f6ppna min innersta d\u00f6rr och erbjuda dig allt. S\u00e5 d\u00e4r naket som bara sj\u00e4len kan. Min hand greppar efter st\u00f6d, stora st\u00e5tliga stammar ger mig kraft att forts\u00e4tta. \u00c4r har ingen funnit mitt innersta rum.<\/p>\n<p><img loading=\"lazy\" class=\"alignnone size-full wp-image-997\" src=\"http:\/\/siby.se\/tweet\/wp-content\/uploads\/2016\/06\/image-1.jpeg\" alt=\"image\" width=\"2448\" height=\"2448\" srcset=\"https:\/\/siby.se\/tweet\/wp-content\/uploads\/2016\/06\/image-1.jpeg 2448w, https:\/\/siby.se\/tweet\/wp-content\/uploads\/2016\/06\/image-1-300x300.jpeg 300w, https:\/\/siby.se\/tweet\/wp-content\/uploads\/2016\/06\/image-1-768x768.jpeg 768w\" sizes=\"(max-width: 2448px) 100vw, 2448px\" \/><\/p>\n","protected":false},"excerpt":{"rendered":"<p>Inom mig p\u00e5g\u00e5r en daglig kamp om att \u00f6vervinna mitt egna br\u00e4ckliga sj\u00e4lvf\u00f6rtroende. Luften g\u00e5r ur mig, jag avsk\u00e4rma mitt sinne, flyter ut i kanterna och l\u00e4mnar sammanhanget ensamt. Mitt v\u00e4sen letar efter sk\u00f6nheten i det dolda fast att det &hellip; <a href=\"https:\/\/siby.se\/tweet\/blog\/2016\/06\/04\/bracklig-pa-insidan\/\">Forts\u00e4tt l\u00e4sa <span class=\"meta-nav\">&rarr;<\/span><\/a><\/p>\n","protected":false},"author":1,"featured_media":0,"comment_status":"open","ping_status":"open","sticky":false,"template":"","format":"standard","meta":[],"categories":[3],"tags":[],"_links":{"self":[{"href":"https:\/\/siby.se\/tweet\/wp-json\/wp\/v2\/posts\/995"}],"collection":[{"href":"https:\/\/siby.se\/tweet\/wp-json\/wp\/v2\/posts"}],"about":[{"href":"https:\/\/siby.se\/tweet\/wp-json\/wp\/v2\/types\/post"}],"author":[{"embeddable":true,"href":"https:\/\/siby.se\/tweet\/wp-json\/wp\/v2\/users\/1"}],"replies":[{"embeddable":true,"href":"https:\/\/siby.se\/tweet\/wp-json\/wp\/v2\/comments?post=995"}],"version-history":[{"count":1,"href":"https:\/\/siby.se\/tweet\/wp-json\/wp\/v2\/posts\/995\/revisions"}],"predecessor-version":[{"id":998,"href":"https:\/\/siby.se\/tweet\/wp-json\/wp\/v2\/posts\/995\/revisions\/998"}],"wp:attachment":[{"href":"https:\/\/siby.se\/tweet\/wp-json\/wp\/v2\/media?parent=995"}],"wp:term":[{"taxonomy":"category","embeddable":true,"href":"https:\/\/siby.se\/tweet\/wp-json\/wp\/v2\/categories?post=995"},{"taxonomy":"post_tag","embeddable":true,"href":"https:\/\/siby.se\/tweet\/wp-json\/wp\/v2\/tags?post=995"}],"curies":[{"name":"wp","href":"https:\/\/api.w.org\/{rel}","templated":true}]}}